{"id":23704,"date":"2026-02-18T16:22:19","date_gmt":"2026-02-18T14:22:19","guid":{"rendered":"https:\/\/www.vibeshoteles.com\/?p=23704"},"modified":"2026-02-25T13:57:02","modified_gmt":"2026-02-25T11:57:02","slug":"debarquement-legion-malaga","status":"publish","type":"post","link":"https:\/\/www.vibeshoteles.com\/fr\/blog\/debarquement-legion-malaga\/","title":{"rendered":"D\u00e9barquement de la L\u00e9gion \u00e0 Malaga 2026"},"content":{"rendered":"<p>El <strong>D\u00e9barquement de la L\u00e9gion \u00e0 Malaga<\/strong> est l&rsquo;un des actes les plus spectaculaires et les plus suivis de la <strong>Semaine Sainte<\/strong> en Andalousie. Chaque <strong>Jeudi Saint<\/strong>, la ville se pare d&rsquo;\u00e9motion, de tradition et de solennit\u00e9 avec l&rsquo;arriv\u00e9e de la <strong>L\u00e9gion Espagnole<\/strong> au <strong>Port de Malaga<\/strong>, suivie du transfert du <strong>Christ de la Bonne Mort, <\/strong>\u00e9galement connu sous le nom de Christ de Mena ou Christ des L\u00e9gionnaires, jusqu&rsquo;\u00e0 son tr\u00f4ne de procession.<\/p>\n<div id=\"ez-toc-container\" class=\"ez-toc-v2_0_82_2 counter-hierarchy ez-toc-counter ez-toc-grey ez-toc-container-direction\">\n<div class=\"ez-toc-title-container\">\n<p class=\"ez-toc-title\" style=\"cursor:inherit\">Contenido<\/p>\n<span class=\"ez-toc-title-toggle\"><a href=\"#\" class=\"ez-toc-pull-right ez-toc-btn ez-toc-btn-xs ez-toc-btn-default ez-toc-toggle\" aria-label=\"Toggle Table of Content\"><span class=\"ez-toc-js-icon-con\"><span class=\"\"><span class=\"eztoc-hide\" style=\"display:none;\">Toggle<\/span><span class=\"ez-toc-icon-toggle-span\"><svg style=\"fill: #999;color:#999\" xmlns=\"http:\/\/www.w3.org\/2000\/svg\" class=\"list-377408\" width=\"20px\" height=\"20px\" viewBox=\"0 0 24 24\" fill=\"none\"><path d=\"M6 6H4v2h2V6zm14 0H8v2h12V6zM4 11h2v2H4v-2zm16 0H8v2h12v-2zM4 16h2v2H4v-2zm16 0H8v2h12v-2z\" fill=\"currentColor\"><\/path><\/svg><svg style=\"fill: #999;color:#999\" class=\"arrow-unsorted-368013\" xmlns=\"http:\/\/www.w3.org\/2000\/svg\" width=\"10px\" height=\"10px\" viewBox=\"0 0 24 24\" version=\"1.2\" baseProfile=\"tiny\"><path d=\"M18.2 9.3l-6.2-6.3-6.2 6.3c-.2.2-.3.4-.3.7s.1.5.3.7c.2.2.4.3.7.3h11c.3 0 .5-.1.7-.3.2-.2.3-.5.3-.7s-.1-.5-.3-.7zM5.8 14.7l6.2 6.3 6.2-6.3c.2-.2.3-.5.3-.7s-.1-.5-.3-.7c-.2-.2-.4-.3-.7-.3h-11c-.3 0-.5.1-.7.3-.2.2-.3.5-.3.7s.1.5.3.7z\"\/><\/svg><\/span><\/span><\/span><\/a><\/span><\/div>\n<nav><ul class='ez-toc-list ez-toc-list-level-1 ' ><li class='ez-toc-page-1 ez-toc-heading-level-2'><a class=\"ez-toc-link ez-toc-heading-1\" href=\"https:\/\/www.vibeshoteles.com\/fr\/blog\/debarquement-legion-malaga\/#quand-aura-lieu-le-debarquement-de-la-legion-a-malaga-en-2026\" >Quand aura lieu le d\u00e9barquement de la L\u00e9gion \u00e0 Malaga en 2026 ?<\/a><\/li><li class='ez-toc-page-1 ez-toc-heading-level-2'><a class=\"ez-toc-link ez-toc-heading-2\" href=\"https:\/\/www.vibeshoteles.com\/fr\/blog\/debarquement-legion-malaga\/#horaires-du-debarquement-de-la-legion-a-malaga\" >Horaires du d\u00e9barquement de la l\u00e9gion \u00e0 Malaga<\/a><\/li><li class='ez-toc-page-1 ez-toc-heading-level-2'><a class=\"ez-toc-link ez-toc-heading-3\" href=\"https:\/\/www.vibeshoteles.com\/fr\/blog\/debarquement-legion-malaga\/#itineraire-complet-du-debarquement-de-la-legion-malaga-2026\" >Itin\u00e9raire complet du D\u00e9barquement de la L\u00e9gion Malaga 2026<\/a><\/li><li class='ez-toc-page-1 ez-toc-heading-level-2'><a class=\"ez-toc-link ez-toc-heading-4\" href=\"https:\/\/www.vibeshoteles.com\/fr\/blog\/debarquement-legion-malaga\/#les-moments-a-ne-pas-manquer-lors-du-debarquement-de-la-legion\" >Les moments \u00e0 ne pas manquer lors du D\u00e9barquement de la L\u00e9gion<\/a><\/li><li class='ez-toc-page-1 ez-toc-heading-level-2'><a class=\"ez-toc-link ez-toc-heading-5\" href=\"https:\/\/www.vibeshoteles.com\/fr\/blog\/debarquement-legion-malaga\/#conseils-pour-le-debarquement-de-la-legion-a-malaga\" >Conseils pour le D\u00e9barquement de la L\u00e9gion \u00e0 Malaga<\/a><\/li><li class='ez-toc-page-1 ez-toc-heading-level-2'><a class=\"ez-toc-link ez-toc-heading-6\" href=\"https:\/\/www.vibeshoteles.com\/fr\/blog\/debarquement-legion-malaga\/#ou-voir-le-debarquement-de-la-legion\" >O\u00f9 voir le D\u00e9barquement de la L\u00e9gion ?<\/a><\/li><li class='ez-toc-page-1 ez-toc-heading-level-2'><a class=\"ez-toc-link ez-toc-heading-7\" href=\"https:\/\/www.vibeshoteles.com\/fr\/blog\/debarquement-legion-malaga\/#lien-historique-entre-la-legion-et-le-christ-de-mena\" >Lien historique entre la L\u00e9gion et le Christ de Mena<\/a><\/li><li class='ez-toc-page-1 ez-toc-heading-level-2'><a class=\"ez-toc-link ez-toc-heading-8\" href=\"https:\/\/www.vibeshoteles.com\/fr\/blog\/debarquement-legion-malaga\/#quand-a-lieu-la-garde-de-la-legion-au-christ-de-mena-a-malaga\" >Quand a lieu la Garde de la L\u00e9gion au Christ de Mena \u00e0 Malaga ?<\/a><\/li><li class='ez-toc-page-1 ez-toc-heading-level-2'><a class=\"ez-toc-link ez-toc-heading-9\" href=\"https:\/\/www.vibeshoteles.com\/fr\/blog\/debarquement-legion-malaga\/#conclusion\" >Conclusion<\/a><\/li><\/ul><\/nav><\/div>\n<h2><span class=\"ez-toc-section\" id=\"quand-aura-lieu-le-debarquement-de-la-legion-a-malaga-en-2026\"><\/span><strong>Quand aura lieu le d\u00e9barquement de la L\u00e9gion \u00e0 Malaga en 2026 ?<\/strong><span class=\"ez-toc-section-end\"><\/span><\/h2>\n<p>Le <strong>D\u00e9barquement de la L\u00e9gion \u00e0 Malaga<\/strong> a lieu chaque <strong>Jeudi Saint<\/strong>, et en 2026, ce sera le <strong>2 avril<\/strong>. Cet acte \u00e9mouvant commence vers <strong>10:00 h<\/strong> avec l&rsquo;arriv\u00e9e des l\u00e9gionnaires au <strong>Port de Malaga<\/strong> et se prolonge tout au long de la journ\u00e9e, pour culminer avec la <strong>procession nocturne<\/strong> qui d\u00e9bute \u00e0 <strong>18:55 h<\/strong>.<\/p>\n<h2><span class=\"ez-toc-section\" id=\"horaires-du-debarquement-de-la-legion-a-malaga\"><\/span>Horaires du d\u00e9barquement de la l\u00e9gion \u00e0 Malaga<span class=\"ez-toc-section-end\"><\/span><\/h2>\n<p>Ci-dessous, nous d\u00e9taillons les horaires cl\u00e9s pour ne rien manquer de cet \u00e9v\u00e9nement unique :<\/p>\n<ul>\n<li><strong>Heure du d\u00e9barquement :<\/strong> 10:00 h au <strong>Quai 2 \u2013 Palmeral de las Sorpresas<\/strong> du Port de Malaga <span><\/span><\/li>\n<li><strong>Transfert du Christ de la Bonne Mort :<\/strong> 12:00 h depuis la <strong>Paroisse de San Carlos y Santo Domingo de Guzm\u00e1n<\/strong> jusqu&rsquo;\u00e0 la Maison de la Fraternit\u00e9 <span><\/span><\/li>\n<li><strong>Procession officielle :<\/strong> 18:55 h depuis la Maison de la Fraternit\u00e9 sur la <strong>Plaza Fray Alonso de Santo Tom\u00e1s<\/strong> <span><\/span><\/li>\n<li><strong>Fin de la procession :<\/strong> vers 02:10 h du matin le lendemain <span><\/span><\/li>\n<\/ul>\n<p>Cette journ\u00e9e constitue l&rsquo;une des \u00e9tapes <strong>les plus intenses et \u00e9mouvantes de toute la Semaine Sainte de Malaga<\/strong>, alliant des \u00e9l\u00e9ments religieux, culturels et militaires.<\/p>\n\n<style>\n@import url('https:\/\/fonts.googleapis.com\/css2?family=Playfair+Display:wght@400;500;700&display=swap');\n<\/style>\n\n<div style=\"display:flex; background:#FFFCF7; border-radius:16px; overflow:hidden; max-width:1100px; margin:auto; box-shadow:0 4px 12px rgba(0,0,0,0.08); font-family:Arial, sans-serif;\">\n\n    <!-- Imagen izquierda (40%) -->\n    <div style=\"flex-basis:40%; max-width:40%;\">\n        <img decoding=\"async\" src=\"https:\/\/www.vibeshoteles.com\/wp-content\/uploads\/2024\/02\/rooftop2.jpg\"\n             alt=\"Hotel\"\n             style=\"width:100%; height:100%; object-fit:cover;\">\n    <\/div>\n\n    <!-- Contenido derecha (60%) -->\n    <div style=\"flex-basis:60%; max-width:60%; padding:30px; display:flex; flex-direction:column; justify-content:space-between;\">\n\n        <div>\n\n            <!-- T\u00edtulo en P\u00c1RRAFO pero con estilo de H2 -->\n            <p style=\"\n                margin:0 0 15px 0;\n                font-size:23px;\n                font-family:'Playfair Display', serif;\n                font-weight:700;\n                color:#000000;\n                line-height:1.3;\n                white-space:nowrap;\n                overflow:hidden;\n                text-overflow:ellipsis;\n            \">\n                \u00bfBuscas una experiencia \u00fanica en Vibes Hoteles?\n            <\/p>\n\n            <p style=\"color:#4A4A4A; margin:0 0 13px 0;\">\n                M\u00e1laga, Espa\u00f1a\n            <\/p>\n\n            <!-- Ratings -->\n            <div style=\"display:flex; align-items:center; gap:20px; margin-bottom:15px;\">\n\n                <!-- Tripadvisor -->\n                <div style=\"display:flex; align-items:center; gap:6px;\">\n                    <svg width=\"20\" height=\"20\" viewBox=\"0 0 24 24\" fill=\"#34E0A1\">\n                        <path d=\"M12 4C7 4 2.73 7.11 1 11.5C2.73 15.89 7 19 12 19C17 19 21.27 15.89 23 11.5C21.27 7.11 17 4 12 4ZM7.5 15C5.57 15 4 13.43 4 11.5C4 9.57 5.57 8 7.5 8C9.43 8 11 9.57 11 11.5C11 13.43 9.43 15 7.5 15ZM16.5 15C14.57 15 13 13.43 13 11.5C13 9.57 14.57 8 16.5 8C18.43 8 20 9.57 20 11.5C20 13.43 18.43 15 16.5 15Z\"\/>\n                    <\/svg>\n                    <span style=\"font-weight:bold; color:#003B5C;\">4.5\/5<\/span>\n\n                    <!-- Circulitos dorados -->\n                    <span style=\"color:#AB7B2A;\">\u25cf\u25cf\u25cf\u25cf\u25cf<\/span>\n\n                    <span style=\"color:#4A4A4A;\">659 rese\u00f1as<\/span>\n                <\/div>\n\n                <!-- Google -->\n                <div style=\"display:flex; align-items:center; gap:6px;\">\n                    <svg width=\"20\" height=\"20\" viewBox=\"0 0 24 24\" fill=\"#4285F4\">\n                        <path d=\"M12 2L14.09 8H20.18L15.09 11.9L17.18 18L12 14.1L6.82 18L8.91 11.9L3.82 8H9.91L12 2Z\"\/>\n                    <\/svg>\n                    <span style=\"font-weight:bold; color:#003B5C;\">4.6\/5<\/span>\n                    <span style=\"color:#4A4A4A;\">Google Reviews<\/span>\n                <\/div>\n\n            <\/div>\n\n            <!-- Lista -->\n            <ul style=\"color:#4A4A4A; line-height:1.6; font-size:16px; padding-left:20px;\">\n                <li>Habitaciones amplias y confortables<\/li>\n                <li>Vayv\u00e9n, exclusiva terraza abierta en invierno<\/li>\n                <li>Desayuno buffet completo<\/li>\n            <\/ul>\n\n        <\/div>\n\n        <!-- Bot\u00f3n dorado -->\n        <div style=\"display:flex; justify-content:flex-end; margin-top:20px;\">\n            <a href=\"https:\/\/engine.witbooking.com\/hotel\/malagavibes\"\n               style=\"background:#AB7B2A; color:white; padding:14px 36px; text-decoration:none; border-radius:10px; font-size:16px; font-weight:bold;\">\n                Reservar\n            <\/a>\n        <\/div>\n\n    <\/div>\n<\/div>\n\n\n<h2><span class=\"ez-toc-section\" id=\"itineraire-complet-du-debarquement-de-la-legion-malaga-2026\"><\/span><strong>Itin\u00e9raire complet du D\u00e9barquement de la L\u00e9gion Malaga 2026<\/strong><span class=\"ez-toc-section-end\"><\/span><\/h2>\n<p>Apr\u00e8s le d\u00e9barquement des l\u00e9gionnaires espagnols au <strong>Quai 2<\/strong>, un d\u00e9fil\u00e9 martial commence \u00e0 travers les rues les plus embl\u00e9matiques du centre de Malaga, pour accompagner l&rsquo;image du Christ de la Bonne Mort jusqu&rsquo;\u00e0 son tr\u00f4ne de procession. <span><\/span><\/p>\n<p><strong>Parcours estim\u00e9 (Port \u2192 Plaza Fray Alonso de Santo Tom\u00e1s)<\/strong><\/p>\n<ul>\n<li>Quai 2 \u2013 Palmeral de las Sorpresas<\/li>\n<li>Plaza de la Marina<\/li>\n<li>Molina Lario<\/li>\n<li>Plaza del Obispo<\/li>\n<li>Plaza del Siglo<\/li>\n<li>Plaza del Carb\u00f3n<\/li>\n<li>Granada<\/li>\n<li>Calle Calderer\u00eda<\/li>\n<li>Plaza de Uncibay<\/li>\n<li>Mendez N\u00fa\u00f1ez<\/li>\n<li>Tej\u00f3n y Rodr\u00edguez<\/li>\n<li>Carreter\u00eda<\/li>\n<li>Pasillo de Santa Isabel<\/li>\n<li>Puente de la Esperanza<\/li>\n<li>San Jacinto<\/li>\n<li>Plaza de La Legi\u00f3n Espa\u00f1ola<\/li>\n<li><strong>Plaza Fray Alonso de Santo Tom\u00e1s<\/strong> <span><\/span><\/li>\n<\/ul>\n<p>Ces points sont des <strong>lieux id\u00e9aux pour assister au d\u00e9barquement et au d\u00e9fil\u00e9<\/strong> dans une ambiance de ferveur et d&rsquo;\u00e9motion.<\/p>\n<p><img loading=\"lazy\" decoding=\"async\" class=\"alignnone wp-image-23365 size-full\" src=\"https:\/\/www.vibeshoteles.com\/wp-content\/uploads\/2026\/02\/recorrido-desembarco-legion-malaga-2026-e1771423338632.jpg\" alt=\"recorrido desembarco legi\u00f3n M\u00e1laga 2026\" width=\"887\" height=\"610\" \/><\/p>\n<h2><span class=\"ez-toc-section\" id=\"les-moments-a-ne-pas-manquer-lors-du-debarquement-de-la-legion\"><\/span><strong>Les moments \u00e0 ne pas manquer lors du D\u00e9barquement de la L\u00e9gion<\/strong><span class=\"ez-toc-section-end\"><\/span><\/h2>\n<p>Le <strong>D\u00e9barquement de la L\u00e9gion<\/strong> est l&rsquo;un des \u00e9v\u00e9nements les plus passionnants de la <strong>Semaine Sainte \u00e0 Malaga<\/strong>. Voici les moments cl\u00e9s que vous devez vivre :<\/p>\n<ul>\n<li><strong>R\u00e9ception au Quai du Palmeral de las Sorpresas.<\/strong> Le d\u00e9barquement des l\u00e9gionnaires marque le d\u00e9but de la journ\u00e9e, avec une arriv\u00e9e solennelle au port.<\/li>\n<li><strong>D\u00e9fil\u00e9 martial dans les rues du centre de Malaga.<\/strong> Les l\u00e9gionnaires d\u00e9filent dans des rues embl\u00e9matiques comme la <strong>Plaza de la Marina<\/strong> et la <strong>Calle Carreter\u00eda<\/strong>, impressionnant par leur pas ferme et disciplin\u00e9.<\/li>\n<li><strong>Hymnes l\u00e9gionnaires.<\/strong> Pendant le parcours, retentit l&rsquo;iconique \u00ab El Novio de la Muerte \u00bb, cr\u00e9ant une atmosph\u00e8re de respect et d&rsquo;\u00e9motion.<\/li>\n<li><strong>Transfert du Christ de Mena jusqu&rsquo;\u00e0 son tr\u00f4ne.<\/strong> Un moment de grande d\u00e9votion pendant que l&rsquo;image du Christ est escort\u00e9e par les l\u00e9gionnaires jusqu&rsquo;\u00e0 son tr\u00f4ne.<\/li>\n<li><strong>Procession nocturne.<\/strong> La journ\u00e9e culmine avec une procession qui dure plus de 7 heures, parcourant le centre de Malaga avec des milliers de d\u00e9vots.<\/li>\n<\/ul>\n<p>Cette journ\u00e9e est consid\u00e9r\u00e9e comme l&rsquo;un des actes les plus repr\u00e9sentatifs de la <strong>Semaine Sainte malagu\u00e8ne<\/strong>, se distinguant par sa <strong>force visuelle et sa connexion \u00e9motionnelle<\/strong>.<\/p>\n<h2><span class=\"ez-toc-section\" id=\"conseils-pour-le-debarquement-de-la-legion-a-malaga\"><\/span><strong>Conseils pour le D\u00e9barquement de la L\u00e9gion \u00e0 Malaga<\/strong><span class=\"ez-toc-section-end\"><\/span><\/h2>\n<p>Pour profiter au maximum du <strong>D\u00e9barquement de la L\u00e9gion<\/strong> \u00e0 Malaga, voici quelques <strong>conseils pratiques<\/strong> :<\/p>\n<ul>\n<li><strong>Arrivez t\u00f4t.<\/strong> Le d\u00e9barquement commence \u00e0 <strong>10:00 h<\/strong>, et les meilleurs endroits pour voir l&rsquo;\u00e9v\u00e9nement se remplissent g\u00e9n\u00e9ralement rapidement, en particulier au <strong>Quai 2<\/strong> et sur les <strong>places du centre<\/strong>.<\/li>\n<li><strong>Choisissez un bon emplacement.<\/strong> Si vous voulez vivre l&rsquo;\u00e9motion du d\u00e9fil\u00e9, cherchez une place pr\u00e8s de la <strong>Plaza de la Marina<\/strong>, de la <strong>Calle Carreter\u00eda<\/strong> ou du <strong>Puente de la Esperanza<\/strong>, o\u00f9 la procession est la plus impressionnante.<\/li>\n<li><strong>Pr\u00e9parez-vous \u00e0 la foule.<\/strong> Cet \u00e9v\u00e9nement attire des milliers de personnes, il est donc conseill\u00e9 d&rsquo;\u00eatre pr\u00eat pour les grandes foules, surtout aux moments cl\u00e9s du parcours.<\/li>\n<li><strong>Portez des v\u00eatements confortables.<\/strong> Vous allez marcher et rester debout pendant plusieurs heures, assurez-vous donc de porter des chaussures confortables et des v\u00eatements l\u00e9gers, car la journ\u00e9e peut \u00eatre longue.<\/li>\n<li><strong>Apportez votre appareil photo ou t\u00e9l\u00e9phone.<\/strong> Vous ne voudrez pas manquer l&rsquo;occasion de capturer certains des moments les plus impressionnants de la journ\u00e9e, comme le d\u00e9fil\u00e9 de la L\u00e9gion et le transfert du <strong>Christ de Mena<\/strong>.<\/li>\n<li><strong>Ne manquez pas la procession nocturne.<\/strong> Bien que l&rsquo;\u00e9v\u00e9nement commence le matin, la procession nocturne, qui dure plus de 7 heures, est le point culminant de la journ\u00e9e. Assurez-vous de rester pour vivre l&rsquo;exp\u00e9rience compl\u00e8te.<\/li>\n<\/ul>\n<p>Gr\u00e2ce \u00e0 ces conseils, vous pourrez profiter de l&rsquo;un des actes les plus impressionnants de la <strong>Semaine Sainte malagu\u00e8ne<\/strong> avec confort et sans manquer aucun d\u00e9tail.<\/p>\n<p><img loading=\"lazy\" decoding=\"async\" class=\"alignnone wp-image-23368 size-full\" src=\"https:\/\/www.vibeshoteles.com\/wp-content\/uploads\/2026\/02\/desembarco-de-la-legion-malaga-e1771423642101.jpg\" alt=\"desembarco de la legi\u00f3n M\u00e1laga\" width=\"975\" height=\"540\" \/><\/p>\n<h2><span class=\"ez-toc-section\" id=\"ou-voir-le-debarquement-de-la-legion\"><\/span><strong>O\u00f9 voir le D\u00e9barquement de la L\u00e9gion ?<\/strong><span class=\"ez-toc-section-end\"><\/span><\/h2>\n<p>Si vous ne pouvez pas \u00eatre \u00e0 Malaga pour assister au <strong>D\u00e9barquement de la L\u00e9gion<\/strong>, voici les meilleures options pour profiter de l&rsquo;\u00e9v\u00e9nement, en personne ou depuis le confort de votre foyer :<\/p>\n<ul>\n<li><strong>Quai 2 \u2013 Palmeral de las Sorpresas<\/strong> : Le point de <strong>r\u00e9ception des l\u00e9gionnaires<\/strong>, o\u00f9 la journ\u00e9e commence par leur d\u00e9barquement solennel. C&rsquo;est l&rsquo;un des moments les plus impressionnants.<\/li>\n<li><strong>Plaza de la Marina<\/strong> : Id\u00e9al pour voir le <strong>d\u00e9fil\u00e9 martial<\/strong> des l\u00e9gionnaires dans le centre de la ville. Une grande foule s&rsquo;y concentre et c&rsquo;est un point cl\u00e9 du parcours.<\/li>\n<li><strong>Calle Carreter\u00eda<\/strong> : Parfaite pour voir passer le <strong>Christ de Mena<\/strong> pendant que les l\u00e9gionnaires l&rsquo;escortent dans les rues principales de Malaga.<\/li>\n<li><strong>Puente de la Esperanza<\/strong> : Depuis ce lieu, vous aurez une vue unique sur la <strong>procession<\/strong> alors qu&rsquo;elle avance dans le centre historique.<\/li>\n<li><strong>Plaza Fray Alonso de Santo Tom\u00e1s<\/strong> : C&rsquo;est ici que commence la <strong>procession nocturne<\/strong> vers <strong>18:55 h<\/strong>, l&rsquo;un des points les plus marquants de la journ\u00e9e.<\/li>\n<\/ul>\n<p>Si vous ne pouvez pas vous d\u00e9placer, le <strong>D\u00e9barquement de la L\u00e9gion<\/strong> peut \u00eatre suivi via <strong>RTVE, Canal Sur <\/strong>et d&rsquo;autres cha\u00eenes locales comme <strong>101 M\u00e1laga<\/strong>. Pendant la <strong>Semaine Sainte<\/strong>, les cha\u00eenes de Malaga diffusent en direct plusieurs des processions les plus importantes, y compris le <strong>D\u00e9barquement de la L\u00e9gion<\/strong>, avec une couverture sp\u00e9ciale vous permettant de voir les moments les plus significatifs, comme le <strong>d\u00e9fil\u00e9<\/strong> et la <strong>procession nocturne<\/strong>.<\/p>\n<h2><span class=\"ez-toc-section\" id=\"lien-historique-entre-la-legion-et-le-christ-de-mena\"><\/span><strong>Lien historique entre la L\u00e9gion et le Christ de Mena<\/strong><span class=\"ez-toc-section-end\"><\/span><\/h2>\n<p>Le <strong>Christ de la Bonne Mort et des \u00c2mes<\/strong>, connu sous le nom de <strong>Christ de Mena<\/strong>, est l&rsquo;une des images les plus v\u00e9n\u00e9r\u00e9es \u00e0 Malaga. Sa relation avec la <strong>L\u00e9gion Espagnole<\/strong> a commenc\u00e9 en <strong>1928<\/strong>, lorsque le <strong>g\u00e9n\u00e9ral Mill\u00e1n Astray<\/strong> a d\u00e9cid\u00e9 d&rsquo;adopter l&rsquo;image comme protecteur spirituel, \u00e9tablissant un lien entre la L\u00e9gion et la confr\u00e9rie.<\/p>\n<p>Depuis lors, chaque <strong>Jeudi Saint<\/strong>, les <strong>l\u00e9gionnaires<\/strong> participent activement \u00e0 la <strong>Semaine Sainte<\/strong> malagu\u00e8ne, escortant le Christ, effectuant des <strong>gardes d&rsquo;honneur<\/strong> dans la chapelle de <strong>Santo Domingo<\/strong> pendant le Car\u00eame, et accompagnant le Christ lors de la <strong>procession<\/strong> dans les rues de la ville. Cet acte symbolise l&rsquo;union de la <strong>L\u00e9gion Espagnole<\/strong> avec la d\u00e9votion populaire de Malaga, devenant l&rsquo;une des traditions les plus ch\u00e9ries et respect\u00e9es de la Semaine Sainte \u00e0 Malaga.<\/p>\n<p><img loading=\"lazy\" decoding=\"async\" class=\"alignnone wp-image-23375 size-full\" src=\"https:\/\/www.vibeshoteles.com\/wp-content\/uploads\/2026\/02\/legion-malaga-2026.jpg\" alt=\"legi\u00f3n M\u00e1laga 2026\" width=\"1024\" height=\"683\" \/><\/p>\n<h2><span class=\"ez-toc-section\" id=\"quand-a-lieu-la-garde-de-la-legion-au-christ-de-mena-a-malaga\"><\/span><strong><strong><span><span>Quand a lieu la Garde de la L\u00e9gion au Christ de Mena \u00e0 Malaga ?<\/span><\/span><\/strong><\/strong><span class=\"ez-toc-section-end\"><\/span><\/h2>\n<p>Les <strong>gardes du Christ de Mena<\/strong> sont une tradition profond\u00e9ment enracin\u00e9e dans la <strong>Semaine Sainte de Malaga<\/strong>. Au cours des jours pr\u00e9c\u00e9dant le <strong>Jeudi Saint<\/strong>, les <strong>l\u00e9gionnaires<\/strong> effectuent une s\u00e9rie de gardes d&rsquo;honneur dans la <strong>chapelle de Santo Domingo<\/strong>, o\u00f9 l&rsquo;image du <strong>Christ de la Bonne Mort et des \u00c2mes<\/strong> est v\u00e9n\u00e9r\u00e9e. Cet acte symbolique refl\u00e8te la d\u00e9votion de la <strong>L\u00e9gion Espagnole<\/strong> envers le Christ, tout en marquant le d\u00e9but du compte \u00e0 rebours pour le <strong>D\u00e9barquement de la L\u00e9gion \u00e0 Malaga<\/strong>. Voici le d\u00e9tail de l&rsquo;itin\u00e9raire de ces gardes d&rsquo;honneur, qui vont du <strong>Samedi de Passion<\/strong> jusqu&rsquo;au <strong>Jeudi Saint<\/strong>.<\/p>\n<p><strong>Samedi de Passion (28 mars)<\/strong><\/p>\n<ul>\n<li><strong>Heure<\/strong> : 11:00 \u2013 14:00 h<\/li>\n<li><strong>Description<\/strong> : La premi\u00e8re garde d&rsquo;honneur commence \u00e0 la <strong>Chapelle de Santo Domingo<\/strong>, o\u00f9 les l\u00e9gionnaires rendent hommage au <strong>Christ de Mena<\/strong> lors de leur premier tour de veille.<\/li>\n<\/ul>\n<p><strong>Dimanche des Rameaux (29 mars)<\/strong><\/p>\n<ul>\n<li><strong>Heure<\/strong> : 16:00 \u2013 19:00 h<\/li>\n<li><strong>Description<\/strong> : Les l\u00e9gionnaires poursuivent la <strong>garde d&rsquo;honneur<\/strong> dans la chapelle, permettant aux fid\u00e8les de s&rsquo;approcher et de v\u00e9n\u00e9rer l&rsquo;image du Christ pendant que les l\u00e9gionnaires maintiennent leur veille.<\/li>\n<\/ul>\n<p><strong>Lundi Saint (30 mars)<\/strong><\/p>\n<ul>\n<li><strong>Heure<\/strong> : 11:00 \u2013 14:00 h et 18:00 \u2013 20:00 h<\/li>\n<li><strong>Description<\/strong> : Ce jour-l\u00e0, deux tours de garde sont effectu\u00e9s, un le matin et un l&rsquo;apr\u00e8s-midi, avec la pr\u00e9sence constante des l\u00e9gionnaires aux c\u00f4t\u00e9s du Christ.<\/li>\n<\/ul>\n<p><strong>Mardi Saint (31 mars)<\/strong><\/p>\n<ul>\n<li><strong>Heure<\/strong> : 10:00 \u2013 14:00 h<\/li>\n<li><strong>Description<\/strong> : Les l\u00e9gionnaires continuent la garde d&rsquo;honneur dans la chapelle, lors d&rsquo;un tour plus calme mais tout aussi empreint de ferveur et de respect pour l&rsquo;image du Christ.<\/li>\n<\/ul>\n<p><strong>Mercredi Saint (1 avril)<\/strong><\/p>\n<ul>\n<li><strong>Heure<\/strong> : 10:00 \u2013 14:00 h<\/li>\n<li><strong>Description<\/strong> : C&rsquo;est la derni\u00e8re garde avant le grand jour du <strong>D\u00e9barquement<\/strong>, et c&rsquo;est un moment cl\u00e9 pour les habitants de Malaga, car beaucoup viennent rendre hommage et pr\u00e9parer l&rsquo;ambiance pour les \u00e9v\u00e9nements \u00e0 venir.<\/li>\n<\/ul>\n<p><strong>Jeudi Saint (2 avril)<\/strong><\/p>\n<ul>\n<li><strong>Heure<\/strong> : Des premi\u00e8res heures jusqu&rsquo;au <strong>D\u00e9barquement<\/strong> \u00e0 10:00 h<\/li>\n<li><strong>Description<\/strong> : La journ\u00e9e commence par une derni\u00e8re <strong>garde d&rsquo;honneur<\/strong> dans la <strong>Paroisse de San Carlos y Santo Domingo<\/strong>, o\u00f9 le Christ est pr\u00e9par\u00e9 pour son transfert vers le <strong>Quai 2<\/strong>, initiant ainsi le <strong>D\u00e9barquement de la L\u00e9gion<\/strong>.<\/li>\n<\/ul>\n<p>Ces <strong>gardes d&rsquo;honneur<\/strong> repr\u00e9sentent non seulement le respect de la <strong>L\u00e9gion<\/strong> envers le <strong>Christ de la Bonne Mort<\/strong>, mais aussi un acte de d\u00e9votion qui relie les malagu\u00e8nes \u00e0 cette tradition unique, qui culmine avec l&rsquo;\u00e9mouvant <strong>D\u00e9barquement<\/strong> du <strong>Jeudi Saint<\/strong>.<\/p>\n<h2><span class=\"ez-toc-section\" id=\"conclusion\"><\/span><strong>Conclusion<\/strong><span class=\"ez-toc-section-end\"><\/span><\/h2>\n<div>\n<article dir=\"auto\" tabindex=\"-1\">\n<div>\n<div tabindex=\"-1\">\n<div>\n<div dir=\"auto\">\n<div>\n<div>\n<p>Le <strong>D\u00e9barquement de la L\u00e9gion<\/strong> est l&rsquo;une des traditions les plus excitantes de la <strong>Semaine Sainte de Malaga<\/strong>, m\u00ealant d\u00e9votion, histoire et ferveur. Si vous pr\u00e9voyez d&rsquo;assister \u00e0 cet \u00e9v\u00e9nement unique, assurez-vous de s\u00e9journer au meilleur endroit. <strong>Vibe Hoteles<\/strong>, votre <a href=\"https:\/\/www.vibeshoteles.com\/fr\/\"><strong>h\u00f4tel \u00e0 Malaga<\/strong><\/a>, vous propose des options id\u00e9ales, comme un <strong>h\u00f4tel pr\u00e8s de l&rsquo;a\u00e9roport de Malaga<\/strong> ou un <strong>h\u00f4tel Semaine Sainte Malaga<\/strong> pour profiter au maximum des festivit\u00e9s.<\/p>\n<p>Ne manquez pas l&rsquo; <a href=\"https:\/\/www.vibeshoteles.com\/fr\/blog\/itineraire-semaine-sainte-malaga-2026\/\"><strong>itin\u00e9raire de la Semaine Sainte Malaga 2026<\/strong><\/a> et vivez l&rsquo;exp\u00e9rience compl\u00e8te du <strong>D\u00e9barquement de la L\u00e9gion<\/strong> dans une ville pleine d&rsquo;histoire et de tradition. Faites de votre s\u00e9jour un souvenir inoubliable !<\/p>\n<\/div>\n<\/div>\n<\/div>\n<\/div>\n<\/div>\n<\/div>\n<\/article>\n<\/div>\n","protected":false},"excerpt":{"rendered":"<p>Vivez le D\u00e9barquement de la L\u00e9gion \u00e0 Malaga 2026. Une tradition unique de la Semaine Sainte de Malaga, un d\u00e9fil\u00e9 \u00e9mouvant empreint d&rsquo;histoire.<\/p>\n","protected":false},"author":1,"featured_media":23373,"comment_status":"closed","ping_status":"closed","sticky":false,"template":"","format":"standard","meta":{"_acf_changed":false,"inline_featured_image":false,"footnotes":""},"categories":[29],"tags":[],"class_list":["post-23704","post","type-post","status-publish","format-standard","has-post-thumbnail","hentry","category-loisirs-malaga"],"acf":[],"yoast_head":"<!-- This site is optimized with the Yoast SEO plugin v27.5 - https:\/\/yoast.com\/product\/yoast-seo-wordpress\/ -->\n<title>D\u00e9barquement de la L\u00e9gion \u00e0 Malaga 2026 | Vibes Hoteles<\/title>\n<meta name=\"description\" content=\"Vivez le D\u00e9barquement de la L\u00e9gion \u00e0 Malaga 2026. Une tradition unique de la Semaine Sainte de Malaga, un d\u00e9fil\u00e9 \u00e9mouvant empreint d&#039;histoire.\" \/>\n<meta name=\"robots\" content=\"index, follow, max-snippet:-1, max-image-preview:large, max-video-preview:-1\" \/>\n<link rel=\"canonical\" href=\"https:\/\/www.vibeshoteles.com\/fr\/blog\/debarquement-legion-malaga\/\" \/>\n<meta property=\"og:locale\" content=\"fr_FR\" \/>\n<meta property=\"og:type\" content=\"article\" \/>\n<meta property=\"og:title\" content=\"D\u00e9barquement de la L\u00e9gion \u00e0 Malaga 2026 | Vibes Hoteles\" \/>\n<meta property=\"og:description\" content=\"Vivez le D\u00e9barquement de la L\u00e9gion \u00e0 Malaga 2026. Une tradition unique de la Semaine Sainte de Malaga, un d\u00e9fil\u00e9 \u00e9mouvant empreint d&#039;histoire.\" \/>\n<meta property=\"og:url\" content=\"https:\/\/www.vibeshoteles.com\/fr\/blog\/debarquement-legion-malaga\/\" \/>\n<meta property=\"og:site_name\" content=\"Vibes Hoteles\" \/>\n<meta property=\"article:published_time\" content=\"2026-02-18T14:22:19+00:00\" \/>\n<meta property=\"article:modified_time\" content=\"2026-02-25T11:57:02+00:00\" \/>\n<meta property=\"og:image\" content=\"https:\/\/www.vibeshoteles.com\/wp-content\/uploads\/2026\/02\/desembarco-legion-malaga-2026.jpg\" \/>\n\t<meta property=\"og:image:width\" content=\"1024\" \/>\n\t<meta property=\"og:image:height\" content=\"683\" \/>\n\t<meta property=\"og:image:type\" content=\"image\/jpeg\" \/>\n<meta name=\"author\" content=\"admin_solbyte\" \/>\n<meta name=\"twitter:card\" content=\"summary_large_image\" \/>\n<meta name=\"twitter:label1\" content=\"\u00c9crit par\" \/>\n\t<meta name=\"twitter:data1\" content=\"admin_solbyte\" \/>\n\t<meta name=\"twitter:label2\" content=\"Dur\u00e9e de lecture estim\u00e9e\" \/>\n\t<meta name=\"twitter:data2\" content=\"9 minutes\" \/>\n<script type=\"application\/ld+json\" class=\"yoast-schema-graph\">{\"@context\":\"https:\\\/\\\/schema.org\",\"@graph\":[{\"@type\":\"Article\",\"@id\":\"https:\\\/\\\/www.vibeshoteles.com\\\/fr\\\/blog\\\/debarquement-legion-malaga\\\/#article\",\"isPartOf\":{\"@id\":\"https:\\\/\\\/www.vibeshoteles.com\\\/fr\\\/blog\\\/debarquement-legion-malaga\\\/\"},\"author\":{\"name\":\"admin_solbyte\",\"@id\":\"https:\\\/\\\/www.vibeshoteles.com\\\/fr\\\/#\\\/schema\\\/person\\\/b088e98ec16e7b8567544de9564df77a\"},\"headline\":\"D\u00e9barquement de la L\u00e9gion \u00e0 Malaga 2026\",\"datePublished\":\"2026-02-18T14:22:19+00:00\",\"dateModified\":\"2026-02-25T11:57:02+00:00\",\"mainEntityOfPage\":{\"@id\":\"https:\\\/\\\/www.vibeshoteles.com\\\/fr\\\/blog\\\/debarquement-legion-malaga\\\/\"},\"wordCount\":1920,\"publisher\":{\"@id\":\"https:\\\/\\\/www.vibeshoteles.com\\\/fr\\\/#organization\"},\"image\":{\"@id\":\"https:\\\/\\\/www.vibeshoteles.com\\\/fr\\\/blog\\\/debarquement-legion-malaga\\\/#primaryimage\"},\"thumbnailUrl\":\"https:\\\/\\\/www.vibeshoteles.com\\\/wp-content\\\/uploads\\\/2026\\\/02\\\/desembarco-legion-malaga-2026.jpg\",\"articleSection\":[\"Loisirs \u00e0 Malaga\"],\"inLanguage\":\"fr-FR\"},{\"@type\":\"WebPage\",\"@id\":\"https:\\\/\\\/www.vibeshoteles.com\\\/fr\\\/blog\\\/debarquement-legion-malaga\\\/\",\"url\":\"https:\\\/\\\/www.vibeshoteles.com\\\/fr\\\/blog\\\/debarquement-legion-malaga\\\/\",\"name\":\"D\u00e9barquement de la L\u00e9gion \u00e0 Malaga 2026 | Vibes Hoteles\",\"isPartOf\":{\"@id\":\"https:\\\/\\\/www.vibeshoteles.com\\\/fr\\\/#website\"},\"primaryImageOfPage\":{\"@id\":\"https:\\\/\\\/www.vibeshoteles.com\\\/fr\\\/blog\\\/debarquement-legion-malaga\\\/#primaryimage\"},\"image\":{\"@id\":\"https:\\\/\\\/www.vibeshoteles.com\\\/fr\\\/blog\\\/debarquement-legion-malaga\\\/#primaryimage\"},\"thumbnailUrl\":\"https:\\\/\\\/www.vibeshoteles.com\\\/wp-content\\\/uploads\\\/2026\\\/02\\\/desembarco-legion-malaga-2026.jpg\",\"datePublished\":\"2026-02-18T14:22:19+00:00\",\"dateModified\":\"2026-02-25T11:57:02+00:00\",\"description\":\"Vivez le D\u00e9barquement de la L\u00e9gion \u00e0 Malaga 2026. Une tradition unique de la Semaine Sainte de Malaga, un d\u00e9fil\u00e9 \u00e9mouvant empreint d'histoire.\",\"breadcrumb\":{\"@id\":\"https:\\\/\\\/www.vibeshoteles.com\\\/fr\\\/blog\\\/debarquement-legion-malaga\\\/#breadcrumb\"},\"inLanguage\":\"fr-FR\",\"potentialAction\":[{\"@type\":\"ReadAction\",\"target\":[\"https:\\\/\\\/www.vibeshoteles.com\\\/fr\\\/blog\\\/debarquement-legion-malaga\\\/\"]}]},{\"@type\":\"ImageObject\",\"inLanguage\":\"fr-FR\",\"@id\":\"https:\\\/\\\/www.vibeshoteles.com\\\/fr\\\/blog\\\/debarquement-legion-malaga\\\/#primaryimage\",\"url\":\"https:\\\/\\\/www.vibeshoteles.com\\\/wp-content\\\/uploads\\\/2026\\\/02\\\/desembarco-legion-malaga-2026.jpg\",\"contentUrl\":\"https:\\\/\\\/www.vibeshoteles.com\\\/wp-content\\\/uploads\\\/2026\\\/02\\\/desembarco-legion-malaga-2026.jpg\",\"width\":1024,\"height\":683,\"caption\":\"desembarco legi\u00f3n M\u00e1laga 2026\"},{\"@type\":\"BreadcrumbList\",\"@id\":\"https:\\\/\\\/www.vibeshoteles.com\\\/fr\\\/blog\\\/debarquement-legion-malaga\\\/#breadcrumb\",\"itemListElement\":[{\"@type\":\"ListItem\",\"position\":1,\"name\":\"Portada\",\"item\":\"https:\\\/\\\/www.vibeshoteles.com\\\/fr\\\/\"},{\"@type\":\"ListItem\",\"position\":2,\"name\":\"D\u00e9barquement de la L\u00e9gion \u00e0 Malaga 2026\"}]},{\"@type\":\"WebSite\",\"@id\":\"https:\\\/\\\/www.vibeshoteles.com\\\/fr\\\/#website\",\"url\":\"https:\\\/\\\/www.vibeshoteles.com\\\/fr\\\/\",\"name\":\"Vibes Hoteles\",\"description\":\"\",\"publisher\":{\"@id\":\"https:\\\/\\\/www.vibeshoteles.com\\\/fr\\\/#organization\"},\"potentialAction\":[{\"@type\":\"SearchAction\",\"target\":{\"@type\":\"EntryPoint\",\"urlTemplate\":\"https:\\\/\\\/www.vibeshoteles.com\\\/fr\\\/?s={search_term_string}\"},\"query-input\":{\"@type\":\"PropertyValueSpecification\",\"valueRequired\":true,\"valueName\":\"search_term_string\"}}],\"inLanguage\":\"fr-FR\"},{\"@type\":\"Organization\",\"@id\":\"https:\\\/\\\/www.vibeshoteles.com\\\/fr\\\/#organization\",\"name\":\"Vibes Hoteles\",\"url\":\"https:\\\/\\\/www.vibeshoteles.com\\\/fr\\\/\",\"logo\":{\"@type\":\"ImageObject\",\"inLanguage\":\"fr-FR\",\"@id\":\"https:\\\/\\\/www.vibeshoteles.com\\\/fr\\\/#\\\/schema\\\/logo\\\/image\\\/\",\"url\":\"https:\\\/\\\/www.vibeshoteles.com\\\/wp-content\\\/uploads\\\/2023\\\/12\\\/logo-bive-hoteles.png\",\"contentUrl\":\"https:\\\/\\\/www.vibeshoteles.com\\\/wp-content\\\/uploads\\\/2023\\\/12\\\/logo-bive-hoteles.png\",\"width\":696,\"height\":696,\"caption\":\"Vibes Hoteles\"},\"image\":{\"@id\":\"https:\\\/\\\/www.vibeshoteles.com\\\/fr\\\/#\\\/schema\\\/logo\\\/image\\\/\"}},{\"@type\":\"Person\",\"@id\":\"https:\\\/\\\/www.vibeshoteles.com\\\/fr\\\/#\\\/schema\\\/person\\\/b088e98ec16e7b8567544de9564df77a\",\"name\":\"admin_solbyte\",\"image\":{\"@type\":\"ImageObject\",\"inLanguage\":\"fr-FR\",\"@id\":\"https:\\\/\\\/secure.gravatar.com\\\/avatar\\\/edd888738bb98bddffbea2c50034264e135aaa1849baae74099aa811d4485252?s=96&d=mm&r=g\",\"url\":\"https:\\\/\\\/secure.gravatar.com\\\/avatar\\\/edd888738bb98bddffbea2c50034264e135aaa1849baae74099aa811d4485252?s=96&d=mm&r=g\",\"contentUrl\":\"https:\\\/\\\/secure.gravatar.com\\\/avatar\\\/edd888738bb98bddffbea2c50034264e135aaa1849baae74099aa811d4485252?s=96&d=mm&r=g\",\"caption\":\"admin_solbyte\"},\"sameAs\":[\"https:\\\/\\\/www.vibeshoteles.com\"],\"url\":\"https:\\\/\\\/www.vibeshoteles.com\\\/fr\\\/author\\\/admin_solbyte\\\/\"}]}<\/script>\n<!-- \/ Yoast SEO plugin. -->","yoast_head_json":{"title":"D\u00e9barquement de la L\u00e9gion \u00e0 Malaga 2026 | Vibes Hoteles","description":"Vivez le D\u00e9barquement de la L\u00e9gion \u00e0 Malaga 2026. Une tradition unique de la Semaine Sainte de Malaga, un d\u00e9fil\u00e9 \u00e9mouvant empreint d'histoire.","robots":{"index":"index","follow":"follow","max-snippet":"max-snippet:-1","max-image-preview":"max-image-preview:large","max-video-preview":"max-video-preview:-1"},"canonical":"https:\/\/www.vibeshoteles.com\/fr\/blog\/debarquement-legion-malaga\/","og_locale":"fr_FR","og_type":"article","og_title":"D\u00e9barquement de la L\u00e9gion \u00e0 Malaga 2026 | Vibes Hoteles","og_description":"Vivez le D\u00e9barquement de la L\u00e9gion \u00e0 Malaga 2026. Une tradition unique de la Semaine Sainte de Malaga, un d\u00e9fil\u00e9 \u00e9mouvant empreint d'histoire.","og_url":"https:\/\/www.vibeshoteles.com\/fr\/blog\/debarquement-legion-malaga\/","og_site_name":"Vibes Hoteles","article_published_time":"2026-02-18T14:22:19+00:00","article_modified_time":"2026-02-25T11:57:02+00:00","og_image":[{"width":1024,"height":683,"url":"https:\/\/www.vibeshoteles.com\/wp-content\/uploads\/2026\/02\/desembarco-legion-malaga-2026.jpg","type":"image\/jpeg"}],"author":"admin_solbyte","twitter_card":"summary_large_image","twitter_misc":{"\u00c9crit par":"admin_solbyte","Dur\u00e9e de lecture estim\u00e9e":"9 minutes"},"schema":{"@context":"https:\/\/schema.org","@graph":[{"@type":"Article","@id":"https:\/\/www.vibeshoteles.com\/fr\/blog\/debarquement-legion-malaga\/#article","isPartOf":{"@id":"https:\/\/www.vibeshoteles.com\/fr\/blog\/debarquement-legion-malaga\/"},"author":{"name":"admin_solbyte","@id":"https:\/\/www.vibeshoteles.com\/fr\/#\/schema\/person\/b088e98ec16e7b8567544de9564df77a"},"headline":"D\u00e9barquement de la L\u00e9gion \u00e0 Malaga 2026","datePublished":"2026-02-18T14:22:19+00:00","dateModified":"2026-02-25T11:57:02+00:00","mainEntityOfPage":{"@id":"https:\/\/www.vibeshoteles.com\/fr\/blog\/debarquement-legion-malaga\/"},"wordCount":1920,"publisher":{"@id":"https:\/\/www.vibeshoteles.com\/fr\/#organization"},"image":{"@id":"https:\/\/www.vibeshoteles.com\/fr\/blog\/debarquement-legion-malaga\/#primaryimage"},"thumbnailUrl":"https:\/\/www.vibeshoteles.com\/wp-content\/uploads\/2026\/02\/desembarco-legion-malaga-2026.jpg","articleSection":["Loisirs \u00e0 Malaga"],"inLanguage":"fr-FR"},{"@type":"WebPage","@id":"https:\/\/www.vibeshoteles.com\/fr\/blog\/debarquement-legion-malaga\/","url":"https:\/\/www.vibeshoteles.com\/fr\/blog\/debarquement-legion-malaga\/","name":"D\u00e9barquement de la L\u00e9gion \u00e0 Malaga 2026 | Vibes Hoteles","isPartOf":{"@id":"https:\/\/www.vibeshoteles.com\/fr\/#website"},"primaryImageOfPage":{"@id":"https:\/\/www.vibeshoteles.com\/fr\/blog\/debarquement-legion-malaga\/#primaryimage"},"image":{"@id":"https:\/\/www.vibeshoteles.com\/fr\/blog\/debarquement-legion-malaga\/#primaryimage"},"thumbnailUrl":"https:\/\/www.vibeshoteles.com\/wp-content\/uploads\/2026\/02\/desembarco-legion-malaga-2026.jpg","datePublished":"2026-02-18T14:22:19+00:00","dateModified":"2026-02-25T11:57:02+00:00","description":"Vivez le D\u00e9barquement de la L\u00e9gion \u00e0 Malaga 2026. Une tradition unique de la Semaine Sainte de Malaga, un d\u00e9fil\u00e9 \u00e9mouvant empreint d'histoire.","breadcrumb":{"@id":"https:\/\/www.vibeshoteles.com\/fr\/blog\/debarquement-legion-malaga\/#breadcrumb"},"inLanguage":"fr-FR","potentialAction":[{"@type":"ReadAction","target":["https:\/\/www.vibeshoteles.com\/fr\/blog\/debarquement-legion-malaga\/"]}]},{"@type":"ImageObject","inLanguage":"fr-FR","@id":"https:\/\/www.vibeshoteles.com\/fr\/blog\/debarquement-legion-malaga\/#primaryimage","url":"https:\/\/www.vibeshoteles.com\/wp-content\/uploads\/2026\/02\/desembarco-legion-malaga-2026.jpg","contentUrl":"https:\/\/www.vibeshoteles.com\/wp-content\/uploads\/2026\/02\/desembarco-legion-malaga-2026.jpg","width":1024,"height":683,"caption":"desembarco legi\u00f3n M\u00e1laga 2026"},{"@type":"BreadcrumbList","@id":"https:\/\/www.vibeshoteles.com\/fr\/blog\/debarquement-legion-malaga\/#breadcrumb","itemListElement":[{"@type":"ListItem","position":1,"name":"Portada","item":"https:\/\/www.vibeshoteles.com\/fr\/"},{"@type":"ListItem","position":2,"name":"D\u00e9barquement de la L\u00e9gion \u00e0 Malaga 2026"}]},{"@type":"WebSite","@id":"https:\/\/www.vibeshoteles.com\/fr\/#website","url":"https:\/\/www.vibeshoteles.com\/fr\/","name":"Vibes Hoteles","description":"","publisher":{"@id":"https:\/\/www.vibeshoteles.com\/fr\/#organization"},"potentialAction":[{"@type":"SearchAction","target":{"@type":"EntryPoint","urlTemplate":"https:\/\/www.vibeshoteles.com\/fr\/?s={search_term_string}"},"query-input":{"@type":"PropertyValueSpecification","valueRequired":true,"valueName":"search_term_string"}}],"inLanguage":"fr-FR"},{"@type":"Organization","@id":"https:\/\/www.vibeshoteles.com\/fr\/#organization","name":"Vibes Hoteles","url":"https:\/\/www.vibeshoteles.com\/fr\/","logo":{"@type":"ImageObject","inLanguage":"fr-FR","@id":"https:\/\/www.vibeshoteles.com\/fr\/#\/schema\/logo\/image\/","url":"https:\/\/www.vibeshoteles.com\/wp-content\/uploads\/2023\/12\/logo-bive-hoteles.png","contentUrl":"https:\/\/www.vibeshoteles.com\/wp-content\/uploads\/2023\/12\/logo-bive-hoteles.png","width":696,"height":696,"caption":"Vibes Hoteles"},"image":{"@id":"https:\/\/www.vibeshoteles.com\/fr\/#\/schema\/logo\/image\/"}},{"@type":"Person","@id":"https:\/\/www.vibeshoteles.com\/fr\/#\/schema\/person\/b088e98ec16e7b8567544de9564df77a","name":"admin_solbyte","image":{"@type":"ImageObject","inLanguage":"fr-FR","@id":"https:\/\/secure.gravatar.com\/avatar\/edd888738bb98bddffbea2c50034264e135aaa1849baae74099aa811d4485252?s=96&d=mm&r=g","url":"https:\/\/secure.gravatar.com\/avatar\/edd888738bb98bddffbea2c50034264e135aaa1849baae74099aa811d4485252?s=96&d=mm&r=g","contentUrl":"https:\/\/secure.gravatar.com\/avatar\/edd888738bb98bddffbea2c50034264e135aaa1849baae74099aa811d4485252?s=96&d=mm&r=g","caption":"admin_solbyte"},"sameAs":["https:\/\/www.vibeshoteles.com"],"url":"https:\/\/www.vibeshoteles.com\/fr\/author\/admin_solbyte\/"}]}},"_links":{"self":[{"href":"https:\/\/www.vibeshoteles.com\/fr\/wp-json\/wp\/v2\/posts\/23704","targetHints":{"allow":["GET"]}}],"collection":[{"href":"https:\/\/www.vibeshoteles.com\/fr\/wp-json\/wp\/v2\/posts"}],"about":[{"href":"https:\/\/www.vibeshoteles.com\/fr\/wp-json\/wp\/v2\/types\/post"}],"author":[{"embeddable":true,"href":"https:\/\/www.vibeshoteles.com\/fr\/wp-json\/wp\/v2\/users\/1"}],"replies":[{"embeddable":true,"href":"https:\/\/www.vibeshoteles.com\/fr\/wp-json\/wp\/v2\/comments?post=23704"}],"version-history":[{"count":1,"href":"https:\/\/www.vibeshoteles.com\/fr\/wp-json\/wp\/v2\/posts\/23704\/revisions"}],"predecessor-version":[{"id":23706,"href":"https:\/\/www.vibeshoteles.com\/fr\/wp-json\/wp\/v2\/posts\/23704\/revisions\/23706"}],"wp:featuredmedia":[{"embeddable":true,"href":"https:\/\/www.vibeshoteles.com\/fr\/wp-json\/wp\/v2\/media\/23373"}],"wp:attachment":[{"href":"https:\/\/www.vibeshoteles.com\/fr\/wp-json\/wp\/v2\/media?parent=23704"}],"wp:term":[{"taxonomy":"category","embeddable":true,"href":"https:\/\/www.vibeshoteles.com\/fr\/wp-json\/wp\/v2\/categories?post=23704"},{"taxonomy":"post_tag","embeddable":true,"href":"https:\/\/www.vibeshoteles.com\/fr\/wp-json\/wp\/v2\/tags?post=23704"}],"curies":[{"name":"wp","href":"https:\/\/api.w.org\/{rel}","templated":true}]}}