{"id":23456,"date":"2026-02-16T13:50:34","date_gmt":"2026-02-16T11:50:34","guid":{"rendered":"https:\/\/www.vibeshoteles.com\/?p=23456"},"modified":"2026-02-20T13:33:25","modified_gmt":"2026-02-20T11:33:25","slug":"itineraire-semaine-sainte-malaga-2026","status":"publish","type":"post","link":"https:\/\/www.vibeshoteles.com\/fr\/blog\/itineraire-semaine-sainte-malaga-2026\/","title":{"rendered":"Itin\u00e9raire Semaine Sainte M\u00e1laga 2026"},"content":{"rendered":"<p>La <strong>Semaine Sainte de M\u00e1laga 2026<\/strong> (du <strong>29 mars au 5 avril<\/strong>) est de ces exp\u00e9riences qui se vivent avec les cinq sens : le son des fanfares r\u00e9sonnant dans les rues du centre, l\u2019odeur de l\u2019encens, l\u2019\u00e9motion dans les quartiers et ce \u00ab je ne sais quoi \u00bb qui fait que la ville change compl\u00e8tement pendant une semaine. Si c\u2019est ta premi\u00e8re fois (ou si tu veux mieux t\u2019organiser que les autres ann\u00e9es), voici un <strong>itin\u00e9raire jour par jour<\/strong>, avec <strong>toutes les confr\u00e9ries<\/strong>, leurs <strong>horaires et itin\u00e9raires<\/strong>, et des conseils pratiques pour savoir <strong>o\u00f9 te placer<\/strong> et profiter sans stress.<\/p>\n<div id=\"ez-toc-container\" class=\"ez-toc-v2_0_82_2 counter-hierarchy ez-toc-counter ez-toc-grey ez-toc-container-direction\">\n<div class=\"ez-toc-title-container\">\n<p class=\"ez-toc-title\" style=\"cursor:inherit\">Contenido<\/p>\n<span class=\"ez-toc-title-toggle\"><a href=\"#\" class=\"ez-toc-pull-right ez-toc-btn ez-toc-btn-xs ez-toc-btn-default ez-toc-toggle\" aria-label=\"Toggle Table of Content\"><span class=\"ez-toc-js-icon-con\"><span class=\"\"><span class=\"eztoc-hide\" style=\"display:none;\">Toggle<\/span><span class=\"ez-toc-icon-toggle-span\"><svg style=\"fill: #999;color:#999\" xmlns=\"http:\/\/www.w3.org\/2000\/svg\" class=\"list-377408\" width=\"20px\" height=\"20px\" viewBox=\"0 0 24 24\" fill=\"none\"><path d=\"M6 6H4v2h2V6zm14 0H8v2h12V6zM4 11h2v2H4v-2zm16 0H8v2h12v-2zM4 16h2v2H4v-2zm16 0H8v2h12v-2z\" fill=\"currentColor\"><\/path><\/svg><svg style=\"fill: #999;color:#999\" class=\"arrow-unsorted-368013\" xmlns=\"http:\/\/www.w3.org\/2000\/svg\" width=\"10px\" height=\"10px\" viewBox=\"0 0 24 24\" version=\"1.2\" baseProfile=\"tiny\"><path d=\"M18.2 9.3l-6.2-6.3-6.2 6.3c-.2.2-.3.4-.3.7s.1.5.3.7c.2.2.4.3.7.3h11c.3 0 .5-.1.7-.3.2-.2.3-.5.3-.7s-.1-.5-.3-.7zM5.8 14.7l6.2 6.3 6.2-6.3c.2-.2.3-.5.3-.7s-.1-.5-.3-.7c-.2-.2-.4-.3-.7-.3h-11c-.3 0-.5.1-.7.3-.2.2-.3.5-.3.7s.1.5.3.7z\"\/><\/svg><\/span><\/span><\/span><\/a><\/span><\/div>\n<nav><ul class='ez-toc-list ez-toc-list-level-1 ' ><li class='ez-toc-page-1 ez-toc-heading-level-2'><a class=\"ez-toc-link ez-toc-heading-1\" href=\"https:\/\/www.vibeshoteles.com\/fr\/blog\/itineraire-semaine-sainte-malaga-2026\/#quand-a-lieu-la-semaine-sainte-a-malaga-en-2026\" >Quand a lieu la Semaine Sainte \u00e0 M\u00e1laga en 2026 ?<\/a><\/li><li class='ez-toc-page-1 ez-toc-heading-level-2'><a class=\"ez-toc-link ez-toc-heading-2\" href=\"https:\/\/www.vibeshoteles.com\/fr\/blog\/itineraire-semaine-sainte-malaga-2026\/#parcours-officiel-semaine-sainte-malaga\" >Parcours Officiel Semaine Sainte M\u00e1laga<\/a><\/li><li class='ez-toc-page-1 ez-toc-heading-level-2'><a class=\"ez-toc-link ez-toc-heading-3\" href=\"https:\/\/www.vibeshoteles.com\/fr\/blog\/itineraire-semaine-sainte-malaga-2026\/#itineraire-semaine-sainte-malaga-2026-jour-par-jour\" >Itin\u00e9raire Semaine Sainte M\u00e1laga 2026 Jour par Jour<\/a><ul class='ez-toc-list-level-3' ><li class='ez-toc-heading-level-3'><a class=\"ez-toc-link ez-toc-heading-4\" href=\"https:\/\/www.vibeshoteles.com\/fr\/blog\/itineraire-semaine-sainte-malaga-2026\/#dimanche-des-rameaux-29-mars\" >Dimanche des Rameaux (29 mars)<\/a><\/li><li class='ez-toc-page-1 ez-toc-heading-level-3'><a class=\"ez-toc-link ez-toc-heading-5\" href=\"https:\/\/www.vibeshoteles.com\/fr\/blog\/itineraire-semaine-sainte-malaga-2026\/#lundi-saint-30-mars\" >Lundi Saint (30 mars)<\/a><\/li><li class='ez-toc-page-1 ez-toc-heading-level-3'><a class=\"ez-toc-link ez-toc-heading-6\" href=\"https:\/\/www.vibeshoteles.com\/fr\/blog\/itineraire-semaine-sainte-malaga-2026\/#mardi-saint-31-mars\" >Mardi Saint (31 mars)<\/a><\/li><li class='ez-toc-page-1 ez-toc-heading-level-3'><a class=\"ez-toc-link ez-toc-heading-7\" href=\"https:\/\/www.vibeshoteles.com\/fr\/blog\/itineraire-semaine-sainte-malaga-2026\/#mercredi-saint-1-avril\" >Mercredi Saint (1 avril)<\/a><\/li><li class='ez-toc-page-1 ez-toc-heading-level-3'><a class=\"ez-toc-link ez-toc-heading-8\" href=\"https:\/\/www.vibeshoteles.com\/fr\/blog\/itineraire-semaine-sainte-malaga-2026\/#jeudi-saint-2-avril\" >Jeudi Saint (2 avril)<\/a><\/li><li class='ez-toc-page-1 ez-toc-heading-level-3'><a class=\"ez-toc-link ez-toc-heading-9\" href=\"https:\/\/www.vibeshoteles.com\/fr\/blog\/itineraire-semaine-sainte-malaga-2026\/#vendredi-saint-3-avril\" >Vendredi Saint (3 avril)<\/a><\/li><li class='ez-toc-page-1 ez-toc-heading-level-3'><a class=\"ez-toc-link ez-toc-heading-10\" href=\"https:\/\/www.vibeshoteles.com\/fr\/blog\/itineraire-semaine-sainte-malaga-2026\/#dimanche-de-resurrection\" >Dimanche de R\u00e9surrection<\/a><\/li><\/ul><\/li><li class='ez-toc-page-1 ez-toc-heading-level-2'><a class=\"ez-toc-link ez-toc-heading-11\" href=\"https:\/\/www.vibeshoteles.com\/fr\/blog\/itineraire-semaine-sainte-malaga-2026\/#tableau-des-jours-et-confreries-de-la-semaine-sainte-de-malaga-2026\" >Tableau des jours et confr\u00e9ries de la Semaine Sainte de M\u00e1laga 2026<\/a><\/li><li class='ez-toc-page-1 ez-toc-heading-level-2'><a class=\"ez-toc-link ez-toc-heading-12\" href=\"https:\/\/www.vibeshoteles.com\/fr\/blog\/itineraire-semaine-sainte-malaga-2026\/#conseils-pour-vivre-la-semaine-sainte-de-malaga\" >Conseils pour vivre la Semaine Sainte de M\u00e1laga<\/a><\/li><li class='ez-toc-page-1 ez-toc-heading-level-2'><a class=\"ez-toc-link ez-toc-heading-13\" href=\"https:\/\/www.vibeshoteles.com\/fr\/blog\/itineraire-semaine-sainte-malaga-2026\/#ou-voir-la-semaine-sainte-de-malaga-depuis-chez-soi\" >O\u00f9 voir la Semaine Sainte de M\u00e1laga depuis chez soi ?<\/a><\/li><li class='ez-toc-page-1 ez-toc-heading-level-2'><a class=\"ez-toc-link ez-toc-heading-14\" href=\"https:\/\/www.vibeshoteles.com\/fr\/blog\/itineraire-semaine-sainte-malaga-2026\/#quel-temps-fera-t-il-pendant-la-semaine-sainte-malaga-2026\" >Quel temps fera-t-il pendant la Semaine Sainte M\u00e1laga 2026 ?<\/a><\/li><li class='ez-toc-page-1 ez-toc-heading-level-2'><a class=\"ez-toc-link ez-toc-heading-15\" href=\"https:\/\/www.vibeshoteles.com\/fr\/blog\/itineraire-semaine-sainte-malaga-2026\/#confreries-qui-passent-par-la-tribuna-de-los-pobres\" >Confr\u00e9ries qui passent par la Tribuna de los Pobres<\/a><\/li><li class='ez-toc-page-1 ez-toc-heading-level-2'><a class=\"ez-toc-link ez-toc-heading-16\" href=\"https:\/\/www.vibeshoteles.com\/fr\/blog\/itineraire-semaine-sainte-malaga-2026\/#conclusion\" >Conclusion<\/a><\/li><\/ul><\/nav><\/div>\n<h2 class=\"JlqpRe\"><span class=\"ez-toc-section\" id=\"quand-a-lieu-la-semaine-sainte-a-malaga-en-2026\"><\/span><strong><span jsname=\"r4nke\" class=\"JCzEY tNxQIb\"><span class=\"CSkcDe\">Quand a lieu la Semaine Sainte \u00e0 M\u00e1laga en 2026 ?<\/span><\/span><\/strong><span class=\"ez-toc-section-end\"><\/span><\/h2>\n<article class=\"text-token-text-primary w-full focus:outline-none [--shadow-height:45px] has-data-writing-block:pointer-events-none has-data-writing-block:-mt-(--shadow-height) has-data-writing-block:pt-(--shadow-height) [&amp;:has([data-writing-block])&gt;*]:pointer-events-auto scroll-mt-(--header-height)\" dir=\"auto\" tabindex=\"-1\" data-turn-id=\"bab3e772-6c8e-442a-ba6d-62831f00fd1c\" data-testid=\"conversation-turn-59\" data-scroll-anchor=\"false\" data-turn=\"user\"><\/article>\n<article class=\"text-token-text-primary w-full focus:outline-none [--shadow-height:45px] has-data-writing-block:pointer-events-none has-data-writing-block:-mt-(--shadow-height) has-data-writing-block:pt-(--shadow-height) [&amp;:has([data-writing-block])&gt;*]:pointer-events-auto scroll-mt-[calc(var(--header-height)+min(200px,max(70px,20svh)))]\" dir=\"auto\" tabindex=\"-1\" data-turn-id=\"request-WEB:c875c897-d4e7-4246-b5db-8d13a61b9a82-35\" data-testid=\"conversation-turn-60\" data-scroll-anchor=\"true\" data-turn=\"assistant\">\n<div class=\"text-base my-auto mx-auto pb-10 [--thread-content-margin:--spacing(4)] @w-sm\/main:[--thread-content-margin:--spacing(6)] @w-lg\/main:[--thread-content-margin:--spacing(16)] px-(--thread-content-margin)\">\n<div class=\"[--thread-content-max-width:40rem] @w-lg\/main:[--thread-content-max-width:48rem] mx-auto max-w-(--thread-content-max-width) flex-1 group\/turn-messages focus-visible:outline-hidden relative flex w-full min-w-0 flex-col agent-turn\" tabindex=\"-1\">\n<div class=\"flex max-w-full flex-col grow\">\n<div class=\"min-h-8 text-message relative flex w-full flex-col items-end gap-2 text-start break-words whitespace-normal [.text-message+&amp;]:mt-1\" dir=\"auto\" data-message-author-role=\"assistant\" data-message-id=\"065fec3b-37a3-4b76-832f-96fcdcec951f\" data-message-model-slug=\"gpt-5-2-thinking\">\n<div class=\"flex w-full flex-col gap-1 empty:hidden first:pt-[1px]\">\n<div class=\"streaming-animation markdown prose dark:prose-invert w-full wrap-break-word dark markdown-new-styling\">\n<p>En <strong>2026<\/strong>, la <strong>Semaine Sainte de M\u00e1laga<\/strong> se c\u00e9l\u00e8bre <strong>du 29 mars (Dimanche des Rameaux) au 5 avril (Dimanche de R\u00e9surrection)<\/strong>, donc si tu planifies ton voyage, les journ\u00e9es les plus intenses se concentrent g\u00e9n\u00e9ralement entre le <strong>Jeudi Saint (2 avril)<\/strong> et le <strong>Vendredi Saint (3 avril)<\/strong>, lorsque le centre-ville est \u00e0 son maximum d\u2019ambiance.<\/p>\n<h2><span class=\"ez-toc-section\" id=\"parcours-officiel-semaine-sainte-malaga\"><\/span><strong>Parcours Officiel Semaine Sainte M\u00e1laga<\/strong><span class=\"ez-toc-section-end\"><\/span><\/h2>\n<p>Le <strong>parcours officiel<\/strong> est le tron\u00e7on fixe du centre par lequel passent la majorit\u00e9 des confr\u00e9ries et o\u00f9 se concentre le \u00ab noyau \u00bb de la Semaine Sainte (tribunes, chaises et l\u2019ambiance la plus intense). Il commence normalement \u00e0 la <strong>Plaza de la Constituci\u00f3n<\/strong> et continue par <strong>Larios<\/strong>, descend vers <strong>Mart\u00ednez\u2013Atarazanas\u2013Torregorda<\/strong>, parcourt <strong>Alameda Principal<\/strong> et <strong>Plaza de la Marina<\/strong>, et se termine par <strong>Molina Lario<\/strong> jusqu\u2019\u00e0 la zone de la <strong>Cath\u00e9drale (Torre Sur)<\/strong>. Si c\u2019est ta premi\u00e8re fois, c\u2019est l\u2019option la plus s\u00fbre pour voir plusieurs processions sans te compliquer ; et si tu cherches un peu plus de confort, il est g\u00e9n\u00e9ralement pr\u00e9f\u00e9rable de se placer dans des zones larges comme <strong>Alameda\/Marina<\/strong> ou \u00e0 <strong>Molina Lario<\/strong> pour le cadre monumental.<\/p>\n<p>&nbsp;<\/p>\n<\/div>\n<\/div>\n<\/div>\n<\/div>\n<\/div>\n<\/div>\n<\/article>\n<div class=\"p8Jhnd\">\n<div class=\"aj35ze\">\n<style>\n@import url('https:\/\/fonts.googleapis.com\/css2?family=Playfair+Display:wght@400;500;700&display=swap');\n<\/style>\n\n<div style=\"display:flex; background:#FFFCF7; border-radius:16px; overflow:hidden; max-width:1100px; margin:auto; box-shadow:0 4px 12px rgba(0,0,0,0.08); font-family:Arial, sans-serif;\">\n\n    <!-- Imagen izquierda (40%) -->\n    <div style=\"flex-basis:40%; max-width:40%;\">\n        <img decoding=\"async\" src=\"https:\/\/www.vibeshoteles.com\/wp-content\/uploads\/2024\/02\/rooftop2.jpg\"\n             alt=\"Hotel\"\n             style=\"width:100%; height:100%; object-fit:cover;\">\n    <\/div>\n\n    <!-- Contenido derecha (60%) -->\n    <div style=\"flex-basis:60%; max-width:60%; padding:30px; display:flex; flex-direction:column; justify-content:space-between;\">\n\n        <div>\n\n            <!-- T\u00edtulo en P\u00c1RRAFO pero con estilo de H2 -->\n            <p style=\"\n                margin:0 0 15px 0;\n                font-size:23px;\n                font-family:'Playfair Display', serif;\n                font-weight:700;\n                color:#000000;\n                line-height:1.3;\n                white-space:nowrap;\n                overflow:hidden;\n                text-overflow:ellipsis;\n            \">\n                \u00bfBuscas una experiencia \u00fanica en Vibes Hoteles?\n            <\/p>\n\n            <p style=\"color:#4A4A4A; margin:0 0 13px 0;\">\n                M\u00e1laga, Espa\u00f1a\n            <\/p>\n\n            <!-- Ratings -->\n            <div style=\"display:flex; align-items:center; gap:20px; margin-bottom:15px;\">\n\n                <!-- Tripadvisor -->\n                <div style=\"display:flex; align-items:center; gap:6px;\">\n                    <svg width=\"20\" height=\"20\" viewBox=\"0 0 24 24\" fill=\"#34E0A1\">\n                        <path d=\"M12 4C7 4 2.73 7.11 1 11.5C2.73 15.89 7 19 12 19C17 19 21.27 15.89 23 11.5C21.27 7.11 17 4 12 4ZM7.5 15C5.57 15 4 13.43 4 11.5C4 9.57 5.57 8 7.5 8C9.43 8 11 9.57 11 11.5C11 13.43 9.43 15 7.5 15ZM16.5 15C14.57 15 13 13.43 13 11.5C13 9.57 14.57 8 16.5 8C18.43 8 20 9.57 20 11.5C20 13.43 18.43 15 16.5 15Z\"\/>\n                    <\/svg>\n                    <span style=\"font-weight:bold; color:#003B5C;\">4.5\/5<\/span>\n\n                    <!-- Circulitos dorados -->\n                    <span style=\"color:#AB7B2A;\">\u25cf\u25cf\u25cf\u25cf\u25cf<\/span>\n\n                    <span style=\"color:#4A4A4A;\">659 rese\u00f1as<\/span>\n                <\/div>\n\n                <!-- Google -->\n                <div style=\"display:flex; align-items:center; gap:6px;\">\n                    <svg width=\"20\" height=\"20\" viewBox=\"0 0 24 24\" fill=\"#4285F4\">\n                        <path d=\"M12 2L14.09 8H20.18L15.09 11.9L17.18 18L12 14.1L6.82 18L8.91 11.9L3.82 8H9.91L12 2Z\"\/>\n                    <\/svg>\n                    <span style=\"font-weight:bold; color:#003B5C;\">4.6\/5<\/span>\n                    <span style=\"color:#4A4A4A;\">Google Reviews<\/span>\n                <\/div>\n\n            <\/div>\n\n            <!-- Lista -->\n            <ul style=\"color:#4A4A4A; line-height:1.6; font-size:16px; padding-left:20px;\">\n                <li>Habitaciones amplias y confortables<\/li>\n                <li>Vayv\u00e9n, exclusiva terraza abierta en invierno<\/li>\n                <li>Desayuno buffet completo<\/li>\n            <\/ul>\n\n        <\/div>\n\n        <!-- Bot\u00f3n dorado -->\n        <div style=\"display:flex; justify-content:flex-end; margin-top:20px;\">\n            <a href=\"https:\/\/engine.witbooking.com\/hotel\/malagavibes\"\n               style=\"background:#AB7B2A; color:white; padding:14px 36px; text-decoration:none; border-radius:10px; font-size:16px; font-weight:bold;\">\n                Reservar\n            <\/a>\n        <\/div>\n\n    <\/div>\n<\/div>\n\n<\/div>\n<\/div>\n<h2><span class=\"ez-toc-section\" id=\"itineraire-semaine-sainte-malaga-2026-jour-par-jour\"><\/span><strong>Itin\u00e9raire Semaine Sainte M\u00e1laga 2026 Jour par Jour <\/strong><span class=\"ez-toc-section-end\"><\/span><\/h2>\n<h3><span class=\"ez-toc-section\" id=\"dimanche-des-rameaux-29-mars\"><\/span><strong>Dimanche des Rameaux (29 mars)<\/strong><span class=\"ez-toc-section-end\"><\/span><\/h3>\n<p>Le Dimanche des Rameaux est le \u00ab coup d\u2019envoi \u00bb officiel : M\u00e1laga se r\u00e9veille d\u00e9j\u00e0 avec l\u2019envie de sortir et le centre se remplit tr\u00e8s t\u00f4t. C\u2019est une journ\u00e9e parfaite si tu recherches une Semaine Sainte plus <strong>familiale et lumineuse<\/strong>, avec les premi\u00e8res grandes sorties et une ambiance joyeuse d\u00e8s le matin.<\/p>\n<h4><strong>Pollinica<\/strong><\/h4>\n<p>C\u2019est la procession qui inaugure la Semaine Sainte et marque le d\u00e9but de l\u2019ambiance confraternelle dans la ville. Son essence est joyeuse et lumineuse, avec un cort\u00e8ge o\u00f9 participent de nombreux enfants et familles, ce qui la distingue du ton plus s\u00e9rieux des autres jours. Le tr\u00f4ne repr\u00e9sente l\u2019entr\u00e9e de J\u00e9sus \u00e0 J\u00e9rusalem, ce qui la rend tr\u00e8s symbolique comme \u00ab porte d\u2019entr\u00e9e \u00bb de toute la semaine. \u00c0 M\u00e1laga, elle se vit comme une f\u00eate traditionnelle, avec beaucoup de monde sortant dans la rue d\u00e8s le matin.<\/p>\n<ul>\n<li><strong>Horaires (D\u00e9part \/ Tribune \/ Torre Sur \/ Cath\u00e9drale \/ Rentr\u00e9e):<\/strong> 09:45 \u00b7 12:00 \u00b7 14:00 \u00b7 14:10 \u00b7 16:15<\/li>\n<li><strong>Conseil pour la voir:<\/strong> si tu veux la voir en entier et sans stress, la meilleure exp\u00e9rience est de la voir \u00e0 son d\u00e9part ou sur un tron\u00e7on avant Larios ; \u00e0 Larios, il y a g\u00e9n\u00e9ralement un \u00e9norme bouchon et on perd la fra\u00eecheur de cette procession.<\/li>\n<\/ul>\n<h4><strong>L\u00e1grimas y Favores<\/strong><\/h4>\n<p>C\u2019est l\u2019une des confr\u00e9ries les plus connues du grand public, tr\u00e8s li\u00e9e \u00e0 l\u2019ambiance moderne de M\u00e1laga et \u00e0 sa projection culturelle (beaucoup de gens l\u2019associent aussi \u00e0 Antonio Banderas). Elle a un style \u00e9l\u00e9gant, avec un cort\u00e8ge soign\u00e9 et une esth\u00e9tique tr\u00e8s pens\u00e9e pour \u00ab briller \u00bb dans le centre historique. Elle est typique du Dimanche des Rameaux car elle combine d\u00e9votion et un air de \u00ab grand \u00e9v\u00e9nement \u00bb qui attire les visiteurs<\/p>\n<ul>\n<li><strong>Horaires (D\u00e9part \/ Tribune \/ Torre Sur \/ Cath\u00e9drale \/ Rentr\u00e9e):<\/strong> 15:00 \u00b7 16:00 \u00b7 18:00 \u00b7 18:10 \u00b7 22:15<\/li>\n<li><strong>Conseil pour la voir:<\/strong> Elle se profite beaucoup sur l\u2019Alameda ou Plaza de la Marina, o\u00f9 tu peux la voir avec perspective et pas seulement coll\u00e9 \u00e0 une masse de gens.<\/li>\n<\/ul>\n<h4><strong>Dulce Nombre<\/strong><\/h4>\n<p>C\u2019est une confr\u00e9rie \u00e0 l\u2019esth\u00e9tique traditionnelle et solennelle, avec une mise en sc\u00e8ne classique. Elle poss\u00e8de une identit\u00e9 tr\u00e8s malagu\u00e8ne, sans extravagances, mais avec beaucoup de go\u00fbt. Elle est souvent appr\u00e9ci\u00e9e par ceux qui aiment observer les d\u00e9tails des broderies, de la musique et de l\u2019ordre du cort\u00e8ge.<\/p>\n<ul>\n<li><strong>Horaires (D\u00e9part \/ Tribune \/ Torre Sur \/ Cath\u00e9drale \/ Rentr\u00e9e):<\/strong> 14:15 \u00b7 16:40 \u00b7 18:40 \u00b7 18:50 \u00b7 22:50<\/li>\n<li><strong>Conseil pour la voir:<\/strong> Le meilleur endroit pour la voir n\u2019est pas forc\u00e9ment Larios, mais plut\u00f4t des rues secondaires du centre o\u00f9 le tr\u00f4ne passe tout pr\u00e8s et o\u00f9 l\u2019on ressent l\u2019ambiance \u00ab authentique \u00bb.<\/li>\n<\/ul>\n<h4><strong>Salutaci\u00f3n<\/strong><\/h4>\n<p>Confr\u00e9rie au caract\u00e8re s\u00e9rieux qui apporte de la solennit\u00e9 au Dimanche des Rameaux. Son Christ a un style tr\u00e8s reconnaissable et la procession se vit comme un passage vers une apr\u00e8s-midi plus intense. C\u2019est l\u2019une de ces fraternit\u00e9s qui brillent beaucoup quand la lumi\u00e8re baisse, car l\u2019ensemble gagne en dramatisme et la musique se per\u00e7oit plus fortement.<\/p>\n<ul>\n<li><strong>Horaires (D\u00e9part \/ Tribune \/ Torre Sur \/ Cath\u00e9drale \/ Rentr\u00e9e):<\/strong> 14:30 \u00b7 17:25 \u00b7 19:25 \u00b7 19:35 \u00b7 22:00<\/li>\n<li><strong>Conseil pour la voir: <\/strong>Si tu la vois dans l\u2019environnement Cath\u00e9drale\u2013Molina Lario, tu auras un cadre spectaculaire, mais si tu veux \u00eatre plus pr\u00e8s, Carreter\u00eda est souvent une meilleure option.<\/li>\n<\/ul>\n<h4><strong>Humildad y Paciencia<\/strong><\/h4>\n<p>Elle repr\u00e9sente l\u2019un des moments les plus intimes de la Passion : le Christ acceptant la souffrance. C\u2019est pourquoi sa procession a souvent une atmosph\u00e8re plus recueillie que d\u2019autres du m\u00eame jour. M\u00e1laga est tr\u00e8s connue pour ses grands tr\u00f4nes, mais cette confr\u00e9rie se savoure davantage pour son ambiance que pour sa taille : l\u2019\u00e9clairage et le rythme lent font qu\u2019elle marque beaucoup.<\/p>\n<ul>\n<li><strong>Horaires (D\u00e9part \/ Tribune \/ Torre Sur \/ Cath\u00e9drale \/ Rentr\u00e9e):<\/strong> 15.35 \u00b7 19:35 \u00b7 21:35 \u00b7 21:45 \u00b7 02:15<\/li>\n<li><strong>Conseil pour la voir:<\/strong> L\u2019id\u00e9al est de la voir de nuit, car le jeu d\u2019ombres et de lumi\u00e8re transforme la procession en quelque chose de beaucoup plus \u00e9motionnel.<\/li>\n<\/ul>\n<h4><strong>Humildad<\/strong><\/h4>\n<p>C\u2019est une confr\u00e9rie marqu\u00e9e par le quartier et la tradition. Elle n\u2019est pas seulement \u00ab belle \u00bb, elle est aussi tr\u00e8s ressentie par ses fr\u00e8res et ses d\u00e9vots. Son parcours comporte souvent des tron\u00e7ons o\u00f9 le public accompagne en marchant, ce qui lui donne une ambiance plus authentique que d\u2019autres processions plus touristiques.<\/p>\n<ul>\n<li><strong>Horaires (D\u00e9part \/ Tribune \/ Torre Sur \/ Cath\u00e9drale \/ Rentr\u00e9e):<\/strong> 15:15 \u00b7 18:05 \u00b7 20:05 \u00b7 20:15 \u00b7 23:40<\/li>\n<li><strong>Conseil pour la voir:<\/strong> Si tu veux bien la voir, cherche son passage en dehors des points les plus c\u00e9l\u00e8bres du centre, o\u00f9 le cort\u00e8ge n\u2019est pas comprim\u00e9 et o\u00f9 le tr\u00f4ne avance plus fluidement.<\/li>\n<\/ul>\n<h4><strong>Huerto<\/strong><\/h4>\n<p>Confr\u00e9rie classique de M\u00e1laga, tr\u00e8s identifiable gr\u00e2ce \u00e0 la sc\u00e8ne de la Pri\u00e8re au Jardin. Son myst\u00e8re a une grande force narrative et c\u2019est souvent l\u2019une des processions qui impressionne le plus ceux qui veulent \u00ab voir une histoire racont\u00e9e sur un tr\u00f4ne \u00bb. Le Dimanche des Rameaux avec le Huerto commence d\u00e9j\u00e0 \u00e0 avoir une atmosph\u00e8re plus s\u00e9rieuse et profonde.<\/p>\n<ul>\n<li><strong>Horaires (D\u00e9part \/ Tribune \/ Torre Sur \/ Cath\u00e9drale \/ Rentr\u00e9e):<\/strong> 17:45 \u00b7 20:10 \u00b7 22:15 \u00b7 \u2014 \u00b7 00:45<\/li>\n<li><strong>Conseil pour la voir:<\/strong> Choisis un angle ou un virage important du parcours, car la man\u0153uvre du tr\u00f4ne est souvent spectaculaire et le public s\u2019\u00e9meut beaucoup \u00e0 ces moments-l\u00e0.<\/li>\n<\/ul>\n<h4><strong>Salud<\/strong><\/h4>\n<p>Tr\u00e8s aim\u00e9e et suivie. Sa procession est souvent charg\u00e9e de d\u00e9votion et d\u2019\u00e9motion populaire, et le public malagu\u00e8ne l\u2019attend avec impatience. C\u2019est l\u2019une de celles qui refl\u00e8te le mieux le caract\u00e8re de M\u00e1laga : un m\u00e9lange de solennit\u00e9 et d\u2019ambiance de rue.<\/p>\n<ul>\n<li><strong>Horaires (D\u00e9part \/ Tribune \/ Torre Sur \/ Cath\u00e9drale \/ Rentr\u00e9e):<\/strong> 14:20 \u00b7 18:50 \u00b7 20:50 \u00b7 21:00 \u00b7 00:00<\/li>\n<li><strong>Conseil pour la voir:<\/strong> Si tu veux la voir tranquillement, essaie de la voir sur des tron\u00e7ons avant le centre ; \u00e0 Larios, c\u2019est souvent un mur de gens.<\/li>\n<\/ul>\n<h4><strong>Prendimiento<\/strong><\/h4>\n<p>Elle repr\u00e9sente l\u2019arrestation de J\u00e9sus et son myst\u00e8re est l\u2019un de ceux qui \u00ab racontent le mieux une histoire \u00bb en passant. L\u2019ensemble impressionne souvent car il est tr\u00e8s expressif. Sa procession combine dramatisme et cort\u00e8ge tr\u00e8s soign\u00e9.<\/p>\n<ul>\n<li><strong>Horaires (D\u00e9part \/ Tribune \/ Torre Sur \/ Cath\u00e9drale \/ Rentr\u00e9e):<\/strong> 16:30 \u00b7 21:00 \u00b7 23:00 \u00b7 \u2014 \u00b7 01:30<\/li>\n<li><strong>Conseil pour la voir (authentique et pratique):<\/strong> Si tu veux la voir \u00ab de pr\u00e8s \u00bb sans trop de pression, <strong>Carreter\u00eda \/ Tribuna de los Pobres<\/strong> est un excellent choix pour cette confr\u00e9rie.<\/li>\n<\/ul>\n<p><img loading=\"lazy\" decoding=\"async\" class=\"alignnone wp-image-23261 size-full\" src=\"https:\/\/www.vibeshoteles.com\/wp-content\/uploads\/2026\/02\/domingo-ramos-malaga-2026-e1771240776116.jpg\" alt=\"domingo ramos M\u00e1laga 2026\" width=\"993\" height=\"620\" \/><\/p>\n<h3><span class=\"ez-toc-section\" id=\"lundi-saint-30-mars\"><\/span><strong>Lundi Saint (30 mars)<\/strong><span class=\"ez-toc-section-end\"><\/span><\/h3>\n<p>Le Lundi Saint est g\u00e9n\u00e9ralement le jour id\u00e9al pour commencer \u00e0 \u00ab prendre le rythme \u00bb : des confr\u00e9ries tr\u00e8s suivies, une bonne ambiance dans les quartiers et dans le centre, et une nuit qui se sent d\u00e9j\u00e0 intense mais qui reste encore \u00ab g\u00e9rable \u00bb si tu planifies bien les endroits o\u00f9 t\u2019arr\u00eater.<\/p>\n<h4><strong>Pasi\u00f3n<\/strong><\/h4>\n<p>L\u2019Archiconfr\u00e9rie de Pasi\u00f3n est l\u2019une des plus classiques du centre historique. Son parcours est \u00e9l\u00e9gant et tr\u00e8s central, ce qui en fait l\u2019une des plus accessibles pour le visiteur qui veut vivre le c\u0153ur de la Semaine Sainte malagu\u00e8ne sans sortir de la vieille ville.<\/p>\n<p><strong>Horaires (D\u00e9part \/ Tribune \/ Torre Sur \/ Cath\u00e9drale \/ Rentr\u00e9e): <\/strong>16:50 \u00b7 17:35 \u00b7 19:35 \u00b7 19:45 \u00b7 23:25<\/p>\n<p><strong>Conseil pour la voir: <\/strong>Si tu veux la voir avec une bonne perspective sans l\u2019effondrement de Larios, reste sur <strong>Granada ou Plaza del Siglo<\/strong> : c\u2019est plus confortable et cela garde l\u2019ambiance du centre.<\/p>\n<h4><strong>Columna<\/strong><\/h4>\n<p>L\u2019une des plus populaires du Lundi Saint. L\u2019ambiance autour est tr\u00e8s \u00e9motionnelle, avec des d\u00e9vots qui accompagnent avec intensit\u00e9. Elle a ce point de ferveur populaire qui fait qu\u2019on la vit comme quelque chose de plus qu\u2019une procession : c\u2019est un \u00e9v\u00e9nement de quartier port\u00e9 jusqu\u2019au centre.<\/p>\n<ul>\n<li><strong>Horaires (D\u00e9part \/ Tribune \/ Torre Sur \/ Cath\u00e9drale \/ Rentr\u00e9e): <\/strong>16:45 \u00b7 19:00 \u00b7 21:00 \u00b7 \u2014 \u00b7 00:30<\/li>\n<li><strong>Conseil pour la voir: La <\/strong><strong>Tribuna de los Pobres<\/strong> est le point star pour cette confr\u00e9rie : on voit le tr\u00f4ne de tr\u00e8s pr\u00e8s et l\u2019ambiance est beaucoup plus authentique que sur Larios.<\/li>\n<\/ul>\n<h4><strong>Cautivo<\/strong><\/h4>\n<p>Le Cautivo est probablement l\u2019image avec la plus grande d\u00e9votion populaire de toute la semaine. Son d\u00e9part depuis la Trinidad rassemble des milliers de personnes et son passage par le centre est l\u2019un des moments les plus massifs du Lundi Saint.<\/p>\n<ul>\n<li><strong>Horaires (D\u00e9part \/ Tribune \/ Torre Sur \/ Cath\u00e9drale \/ Rentr\u00e9e): <\/strong>17:30 \u00b7 20:30 \u00b7 22:35 \u00b7 \u2014 \u00b7 02:30<\/li>\n<li><strong>Conseil pour la voir: <\/strong>Si tu veux vivre l\u2019\u00e9motion r\u00e9elle, va \u00e0 la <strong>sortie dans la Trinidad<\/strong>. C\u2019est beaucoup plus impressionnant que de le voir dans le centre.<\/li>\n<\/ul>\n<h4><strong>Perd\u00f3n<\/strong><\/h4>\n<p>Le Perd\u00f3n est l\u2019une de ces confr\u00e9ries qui sentent le <strong>Perchel de toujours<\/strong> : beaucoup de d\u00e9votion de quartier, beaucoup de gens \u00ab de toujours \u00bb qui la suivent, et un style tr\u00e8s typique du <strong>Lundi Saint<\/strong> pour encha\u00eener plusieurs processions, car elle se d\u00e9place bien entre quartier et centre.<\/p>\n<ul>\n<li><strong>Horaires (D\u00e9part \/ Tribune \/ Torre Sur \/ Cath\u00e9drale \/ Rentr\u00e9e): <\/strong>17:30 \u00b7 19:50 \u00b7 21:50 \u00b7 22:00 \u00b7 00:30<\/li>\n<li><strong>Conseil pour la voir: <\/strong>Le tron\u00e7on par <strong>Pasillo de Santo Domingo<\/strong> a une ambiance tr\u00e8s sp\u00e9ciale et moins satur\u00e9e que le centre.<\/li>\n<\/ul>\n<h4><strong>Crucifixi\u00f3n<\/strong><\/h4>\n<p>Crucifixi\u00f3n pla\u00eet souvent beaucoup parce qu\u2019elle a un ton tr\u00e8s <strong>s\u00e9rieux et recueilli<\/strong>, de ceux qui te font baisser le volume sans m\u00eame t\u2019en rendre compte. C\u2019est une confr\u00e9rie id\u00e9ale si tu recherches <strong>solennit\u00e9<\/strong> et des moments tr\u00e8s \u00ab \u00e0 fleur de peau \u00bb dans des rues \u00e9troites.<\/p>\n<ul>\n<li><strong>Horaires (D\u00e9part \/ Tribune \/ Torre Sur \/ Cath\u00e9drale \/ Rentr\u00e9e): <\/strong>15:55 \u00b7 18:25 \u00b7 20:25 \u00b7 20:35 \u00b7 01:00<\/li>\n<li><strong>Conseil pour la voir: <\/strong>Le point \u00ab carte postale \u00bb est <strong>Plaza de la Aduana \/ Alcazabilla,<\/strong> l\u00e0 on la voit avec un fond monumental et c\u2019est g\u00e9n\u00e9ralement l\u2019un des endroits les plus photog\u00e9niques.<\/li>\n<\/ul>\n<h4><strong>Estudiantes<\/strong><\/h4>\n<p>Les <strong>Estudiantes<\/strong> sont \u00ab le Lundi Saint jeune \u00bb par excellence \u00e0 M\u00e1laga : une confr\u00e9rie tr\u00e8s li\u00e9e au monde <strong>\u00e9tudiant et universitaire<\/strong>, avec un \u00e9norme protagonisme de la <strong>jeunesse<\/strong> et un style tr\u00e8s reconnaissable dans la rue (ambiance tr\u00e8s vivante, beaucoup de gens la suivant d\u00e8s t\u00f4t et un public tr\u00e8s fid\u00e8le).<\/p>\n<ul>\n<li><strong>Horaires (D\u00e9part \/ Tribune \/ Torre Sur \/ Cath\u00e9drale \/ Rentr\u00e9e): <\/strong>17:30 \u00b7 21:40 \u00b7 23:40 \u00b7 \u2014 \u00b7 01:00<\/li>\n<li><strong>Conseil pour la voir: <\/strong>reste sur Plaza de la Aduana \/ C\u00edster : c\u2019est un point monumental o\u00f9 le cort\u00e8ge brille \u00e9norm\u00e9ment (et en plus tu es proche d\u2019Alcazabilla pour l\u2019attraper avant\/apr\u00e8s).<\/li>\n<\/ul>\n<p><img loading=\"lazy\" decoding=\"async\" class=\"alignnone wp-image-23264 size-full\" src=\"https:\/\/www.vibeshoteles.com\/wp-content\/uploads\/2026\/02\/lunes-santo-malaga-2026-e1771240933142.jpg\" alt=\"lunes santo M\u00e1laga 2026\" width=\"973\" height=\"626\" \/><\/p>\n<h3><span class=\"ez-toc-section\" id=\"mardi-saint-31-mars\"><\/span><strong>Mardi Saint (31 mars)<\/strong><span class=\"ez-toc-section-end\"><\/span><\/h3>\n<p>Le Mardi Saint monte d\u2019un cran : il y a des processions longues, davantage de tron\u00e7ons nocturnes et un centre qui commence \u00e0 \u00eatre vraiment plein. Si tu veux voir plusieurs confr\u00e9ries le m\u00eame jour, c\u2019est l\u2019un des meilleurs pour les <strong>encha\u00eener<\/strong> (avec marge et itin\u00e9raires bien pens\u00e9s).<\/p>\n<h4><strong>Roc\u00edo<\/strong><\/h4>\n<p>L\u2019une des confr\u00e9ries les plus compl\u00e8tes pour le spectateur car elle combine quartier (Victoria), tron\u00e7on confortable par Carreter\u00eda et un retour tr\u00e8s agr\u00e9able par Merced\/Victoria. C\u2019est l\u2019une de celles qui \u00ab se laissent le mieux voir \u00bb sans rester coinc\u00e9 tout le temps dans le centre.<\/p>\n<ul>\n<li><strong>Horaires (D\u00e9part \/ Tribune \/ Torre Sur \/ Cath\u00e9drale \/ Rentr\u00e9e): <\/strong>15:00 \u00b7 17:40 \u00b7 19:45 \u00b7 23:30<\/li>\n<li><strong>Conseil pour la voir:<\/strong> Si tu veux la voir de pr\u00e8s et avec marge, <strong>Carreter\u00eda \/ Tribuna de los Pobres<\/strong> est un point top ; et si tu pr\u00e9f\u00e8res une ambiance \u00ab de quartier \u00bb, la zone <strong>Victoria\u2013Plaza de la Victoria<\/strong> au retour est tr\u00e8s bonne.<\/li>\n<\/ul>\n<h4><strong>Penas<\/strong><\/h4>\n<p>Confr\u00e9rie tr\u00e8s centrale et \u00ab de Oratorio \u00bb, avec un parcours id\u00e9al si tu veux voir une procession sans avoir \u00e0 te d\u00e9placer vers les quartiers. Pozos Dulces et Compa\u00f1\u00eda sont des points cl\u00e9s avant d\u2019entrer dans le parcours officiel.<\/p>\n<ul>\n<li><strong>Horaires (D\u00e9part \/ Tribune \/ Torre Sur \/ Cath\u00e9drale \/ Rentr\u00e9e): <\/strong>17:45 \u00b7 18:40 \u00b7 20:45 \u00b7 20:55 \u00b7 01:00<\/li>\n<li><strong>Conseil pour la voir: <\/strong>Pour la voir avec moins de saturation que sur Larios, reste \u00e0 <strong>Pozos Dulces \/ Compa\u00f1\u00eda<\/strong> (avant le parcours officiel) : c\u2019est g\u00e9n\u00e9ralement plus confortable et tr\u00e8s \u00ab centre historique \u00bb.<\/li>\n<\/ul>\n<h4><strong>Nueva Esperanza<\/strong><\/h4>\n<p>L\u2019une des grandes du Mardi Saint par son parcours et ses horaires : elle part de Nueva M\u00e1laga et traverse de larges art\u00e8res (Eugenio Gross \/ Mart\u00ednez Maldonado) avant d\u2019entrer dans le circuit du centre.<\/p>\n<ul>\n<li><strong>Horaires (D\u00e9part \/ Tribune \/ Torre Sur \/ Cath\u00e9drale \/ Rentr\u00e9e): <\/strong>15:45 \u00b7 19:30 \u00b7 21:35 \u00b7 04:30<\/li>\n<li><strong>Conseil pour la voir: <\/strong>Si tu veux la voir avec de l\u2019espace, choisis <strong>Mart\u00ednez Maldonado \/ M\u00e1rmoles<\/strong> (avant le centre). Si ton objectif est de la voir de pr\u00e8s sur le parcours officiel, <strong>Tribuna de los Pobres<\/strong> fonctionne tr\u00e8s bien au retour.<\/li>\n<\/ul>\n<h4><strong>Humillaci\u00f3n y Estrella<\/strong><\/h4>\n<p>Confr\u00e9rie tr\u00e8s \u00ab perchelera \u00bb par son d\u00e9part et son retour, avec des points de grande ambiance autour de Santo Domingo et des pasillos, et un passage par le centre tr\u00e8s marqu\u00e9 par Constituci\u00f3n\u2013Larios.<\/p>\n<ul>\n<li><strong>Horaires (D\u00e9part \/ Tribune \/ Torre Sur \/ Cath\u00e9drale \/ Rentr\u00e9e): <\/strong>17:45 \u00b7 20:20 \u00b7 22:25 \u00b7 \u2014 \u00b7 02:15<\/li>\n<li><strong>Conseil pour la voir: <\/strong>Tr\u00e8s bonne exp\u00e9rience sur <strong>Puente de la Esperanza \/ Pasillos<\/strong> : on la voit g\u00e9n\u00e9ralement avec plus de marge que sur Larios et l\u2019ambiance est tr\u00e8s confraternelle.<\/li>\n<\/ul>\n<h4><strong>Rescate<\/strong><\/h4>\n<p>Confr\u00e9rie tr\u00e8s agr\u00e9able pour le public gr\u00e2ce \u00e0 son parcours depuis la Victoria, avec un tron\u00e7on tr\u00e8s clair par <strong>\u00c1lamos\u2013Carreter\u00eda<\/strong> qui est souvent l\u2019un des meilleurs moments de la journ\u00e9e pour la voir de pr\u00e8s.<\/p>\n<ul>\n<li><strong>Horaires (D\u00e9part \/ Tribune \/ Torre Sur \/ Cath\u00e9drale \/ Rentr\u00e9e): <\/strong>17:45 \u00b7 21:10 \u00b7 23:15 \u00b7 \u2014 \u00b7 02:00<\/li>\n<li><strong>Conseil pour la voir: <\/strong>Si tu veux la voir <strong>\u00e0 quelques m\u00e8tres<\/strong>, Carreter\u00eda (zone <strong>Tribuna de los Pobres<\/strong>) est l\u2019un des points les plus agr\u00e9ables du parcours.<\/li>\n<\/ul>\n<h4><strong>Sentencia<\/strong><\/h4>\n<p>L\u2019une des confr\u00e9ries qui combine le mieux \u00ab Victoria + Centre \u00bb le Mardi Saint : d\u00e9part et retour avec saveur de quartier, et passage clair par Carreter\u00eda\/Tribuna de los Pobres avant d\u2019entrer dans le parcours officiel.<\/p>\n<ul>\n<li><strong>Horaires (D\u00e9part \/ Tribune \/ Torre Sur \/ Cath\u00e9drale \/ Rentr\u00e9e): <\/strong>19:15 \u00b7 22:00 \u00b7 00:05 \u00b7 \u2014 \u00b7 01:45<\/li>\n<li><strong>Conseil pour la voir: <\/strong>Si tu aimes bien voir le tr\u00f4ne et pas seulement \u00ab le voir passer sur Larios \u00bb, mise sur <strong>Plaza de la Merced<\/strong> au d\u00e9but ou <strong>Carreter\u00eda<\/strong> avant d\u2019arriver au parcours officiel.<\/li>\n<\/ul>\n<p><img loading=\"lazy\" decoding=\"async\" class=\"alignnone wp-image-23267 size-full\" src=\"https:\/\/www.vibeshoteles.com\/wp-content\/uploads\/2026\/02\/martes-santo-malaga-2026-e1771241153548.jpg\" alt=\"martes santo M\u00e1laga 2026\" width=\"976\" height=\"538\" \/><\/p>\n<h3><span class=\"ez-toc-section\" id=\"mercredi-saint-1-avril\"><\/span><strong>Mercredi Saint (1 avril)<\/strong><span class=\"ez-toc-section-end\"><\/span><\/h3>\n<p>Le Mercredi Saint est synonyme de <strong>grande ambiance<\/strong> : plus de public, des nuits plus longues et des rues cl\u00e9s du centre avec une \u00e9nergie incroyable. C\u2019est l\u2019un de ces jours o\u00f9 il vaut mieux bien choisir o\u00f9 la voir, car le \u00ab c\u0153ur \u00bb de M\u00e1laga est satur\u00e9 pendant des heures.<\/p>\n<h4><strong>Fusionadas<\/strong><\/h4>\n<p>Les <strong>Fusionadas<\/strong> sont \u00ab plusieurs confr\u00e9ries en une \u00bb : elles r\u00e9unissent plusieurs d\u00e9votions historiques et c\u2019est pourquoi leur cort\u00e8ge a un caract\u00e8re tr\u00e8s sp\u00e9cial de <strong>richesse patrimoniale<\/strong> et de \u00ab M\u00e1laga classique \u00bb en plein Centre, avec de tr\u00e8s beaux moments dans des rues \u00e9troites (Cisneros\/Echegaray\/Comedias\/Nosquera). <span class=\"\" data-state=\"closed\"><\/span><\/p>\n<ul>\n<li><strong>Horaires (D\u00e9part \/ Tribune \/ Torre Sur \/ Cath\u00e9drale \/ Rentr\u00e9e): <\/strong>17:15 \u00b7 18:00 \u00b7 20:00 \u00b7 20:10 \u00b7 23:50<\/li>\n<li><strong>Conseil pour la voir: <\/strong>Si tu veux la voir sans le bouchon de Larios, choisis Comedias \/ Nosquera (ambiance tr\u00e8s centre et plus \u00ab proche \u00bb). Et si tu cherches un cadre monumental, le passage par C\u00edster \/ Patio de los Naranjos se profite \u00e9norm\u00e9ment.<span class=\"\" data-state=\"closed\"><\/span><\/li>\n<\/ul>\n<h4><strong>Mediadora <\/strong><\/h4>\n<p>La <strong>Mediadora<\/strong> est l\u2019une de celles qui parcourent le plus \u00ab toute la ville \u00bb : elle part de <strong>Huelin<\/strong> et te permet de la voir dans plusieurs ambiances (quartier, ponts, Alameda et Centre). Si tu aimes le style \u00ab procession longue et beaucoup de rue \u00bb, c\u2019est ta confr\u00e9rie du jour. <span class=\"\" data-state=\"closed\"><\/span><\/p>\n<ul>\n<li><strong>Horaires (D\u00e9part \/ Tribune \/ Torre Sur \/ Cath\u00e9drale \/ Rentr\u00e9e): <\/strong>16:15 \u00b7 19:20 \u00b7 21:20 \u00b7 21:30 \u00b7 01:30<\/li>\n<li><strong>Conseil pour la voir: <\/strong>Si tu veux la voir avec de l\u2019espace avant le \u00ab centre-centre \u00bb, le tron\u00e7on de <strong>Puente de la Esperanza \/ Hilera<\/strong> fonctionne g\u00e9n\u00e9ralement tr\u00e8s bien (ambiance et mobilit\u00e9). Et si tu veux la Cath\u00e9drale, l\u2019environnement de <strong>Molina Lario \/ Torre Sur<\/strong> est le point \u00ab monumental \u00bb. <span class=\"\" data-state=\"closed\"><\/span><\/li>\n<\/ul>\n<h4><strong>Salesianos<\/strong><\/h4>\n<p>Salesianos a une marque propre : d\u00e9part depuis la zone de <strong>Capuchinos<\/strong> (quartier avec \u00e9norm\u00e9ment de caract\u00e8re) et un parcours tr\u00e8s confortable pour la voir <strong>\u00e0 Carreter\u00eda\/Tribuna de los Pobres<\/strong> avant d\u2019entrer dans le circuit officiel. C\u2019est l\u2019une des plus \u00ab faciles \u00bb \u00e0 planifier.<\/p>\n<ul>\n<li><strong>Horaires (D\u00e9part \/ Tribune \/ Torre Sur \/ Cath\u00e9drale \/ Rentr\u00e9e): <\/strong>17:15 \u00b7 19:54 \u00b7 21:54 \u00b7 22:04 \u00b7 00:45<\/li>\n<li><strong>Conseil pour la voir (authentique et pratique): <\/strong>Fais un \u00ab doubl\u00e9 \u00bb : d\u2019abord <strong>Carreter\u00eda \/ Tribuna de los Pobres<\/strong> (tr\u00e8s bon angle et ambiance) puis termine \u00e0 <strong>Patio de los Naranjos \/ zone Cath\u00e9drale<\/strong> pour le contraste monumental.<\/li>\n<\/ul>\n<h4><strong>Sangre <\/strong><\/h4>\n<p>La Sangre a un ton tr\u00e8s <strong>classique du Mercredi Saint<\/strong> : elle m\u00e9lange force et recueillement, et laisse souvent une ambiance tr\u00e8s intense lorsqu\u2019elle entre dans le centre. Si tu cherches une confr\u00e9rie s\u00e9rieuse mais avec un public tr\u00e8s impliqu\u00e9, c\u2019est une bonne option.<\/p>\n<ul>\n<li><strong>Horaires (D\u00e9part \/ Tribune \/ Torre Sur \/ Cath\u00e9drale \/ Rentr\u00e9e): <\/strong>18:00 \u00b7 20:19 \u00b7 22:19 \u00b7 \u2014 \u00b7 00:10<\/li>\n<li><strong>Conseil pour la voir: <\/strong>Si tu cherches de la proximit\u00e9 et du \u00ab bruit de rue \u00bb, <strong>Carreter\u00eda<\/strong> fonctionne super bien ; si tu veux de la solennit\u00e9, va \u00e0 <strong>Molina Lario \/ Torre Sur<\/strong> lorsqu\u2019elle revient vers le cadre monumental.<\/li>\n<\/ul>\n<h4><strong>El Rico<\/strong><\/h4>\n<p>Confr\u00e9rie historique tr\u00e8s li\u00e9e \u00e0 M\u00e1laga gr\u00e2ce \u00e0 la tradition de la lib\u00e9ration symbolique d\u2019un prisonnier. Cela en fait l\u2019une des plus connues m\u00eame pour ceux qui ne sont pas confr\u00e8res. Elle a une esth\u00e9tique tr\u00e8s classique et solennelle.<\/p>\n<ul>\n<li><strong>Horaires (D\u00e9part \/ Tribune \/ Torre Sur \/ Cath\u00e9drale \/ Rentr\u00e9e): <\/strong>17:55 \u00b7 21:04 \u00b7 23:04 \u00b7 \u2014 \u00b7 01:05<\/li>\n<li><strong>Conseil pour la voir: <\/strong>Arrive t\u00f4t \u00e0 <strong>Plaza del Obispo<\/strong> pour l\u2019<strong>acte de lib\u00e9ration<\/strong> (c\u2019est LE moment) et, si tu veux une tr\u00e8s belle vue juste avant, le passage par <strong>Alcazabilla \/ Plaza de la Aduana<\/strong> est souvent tr\u00e8s photog\u00e9nique. <span class=\"\" data-state=\"closed\"><\/span><\/li>\n<\/ul>\n<h4><strong>La Paloma<\/strong><\/h4>\n<p>L\u2019une des plus grandes foules de M\u00e1laga. Sa Vierge est l\u2019une des plus aim\u00e9es, et le Mercredi Saint avec la Paloma est souvent une folie de monde. C\u2019est l\u2019une de ces processions o\u00f9 l\u2019ambiance devient presque un \u00ab \u00e9v\u00e9nement majeur \u00bb de la ville.<\/p>\n<ul>\n<li><strong>Horaires (D\u00e9part \/ Tribune \/ Torre Sur \/ Cath\u00e9drale \/ Rentr\u00e9e): <\/strong>20:15 \u00b7 22:07 \u00b7 00:12 \u00b7 \u2014 \u00b7 01:45<\/li>\n<li><strong>Conseil pour la voir: <\/strong><strong>Carreter\u00eda \/ Tribuna de los Pobres<\/strong> est g\u00e9n\u00e9ralement un choix s\u00fbr : bonne visibilit\u00e9 et le public est tr\u00e8s \u00ab dedans \u00bb. (Il existe m\u00eame des vid\u00e9os de ce point avec la Paloma passant tout pr\u00e8s). <span class=\"\" data-state=\"closed\"><\/span><\/li>\n<\/ul>\n<h4><strong>Expiraci\u00f3n <\/strong><\/h4>\n<p>L\u2019un des grands joyaux de M\u00e1laga. Son crucifi\u00e9 est impressionnant et sa procession a g\u00e9n\u00e9ralement une atmosph\u00e8re solennelle tr\u00e8s marqu\u00e9e. C\u2019est l\u2019une de celles qui impactent le plus \u00e9motionnellement lorsque la nuit tombe et que le public garde le respect.<\/p>\n<ul>\n<li><strong>Horaires (D\u00e9part \/ Tribune \/ Torre Sur \/ Cath\u00e9drale \/ Rentr\u00e9e): <\/strong>21:15 \u00b7 23:10 \u00b7 01:15 \u00b7 \u2014 \u00b7 03:45<\/li>\n<li><strong>Conseil pour la voir:<\/strong> Pour un tron\u00e7on large et confortable, <strong>Puente de Tetu\u00e1n \u2192 Alameda<\/strong> est une tr\u00e8s bonne option (on respire et le tr\u00f4ne se met en valeur). Si tu pr\u00e9f\u00e8res une \u00ab carte postale \u00bb du Centre, attends \u00e0 <strong>Plaza de la Constituci\u00f3n \/ environnement Tribune<\/strong> lorsqu\u2019elle arrive lanc\u00e9e vers le parcours officiel.<\/li>\n<\/ul>\n<p><img loading=\"lazy\" decoding=\"async\" class=\"alignnone wp-image-23270 size-full\" src=\"https:\/\/www.vibeshoteles.com\/wp-content\/uploads\/2026\/02\/miercoles-santo-malaga-2026-e1771241342692.jpg\" alt=\"mi\u00e9rcoles santo M\u00e1laga 2026\" width=\"963\" height=\"667\" \/><\/p>\n<h3><span class=\"ez-toc-section\" id=\"jeudi-saint-2-avril\"><\/span><strong>Jeudi Saint (2 avril)<\/strong><span class=\"ez-toc-section-end\"><\/span><\/h3>\n<p>Le Jeudi Saint est le jour des grandes d\u00e9votions et de l\u2019\u00e9motion maximale. La ville se transforme : il y a des moments tr\u00e8s massifs, des points avec de v\u00e9ritables \u00ab bouchons \u00bb et une nuit tr\u00e8s longue qui se vit presque comme un marathon. Si tu aimes le grand et l\u2019intense, c\u2019est ton jour.<\/p>\n<h4><strong>Sagrada Cena<\/strong><\/h4>\n<p>Myst\u00e8re spectaculaire repr\u00e9sentant la Derni\u00e8re C\u00e8ne. C\u2019est tr\u00e8s visuel et cela pla\u00eet souvent beaucoup m\u00eame \u00e0 ceux qui ne connaissent pas les confr\u00e9ries, car la sc\u00e8ne est facilement compr\u00e9hensible. Son tr\u00f4ne est id\u00e9al \u00e0 voir dans des espaces larges.<\/p>\n<ul>\n<li><strong>Horaires (D\u00e9part \/ Tribune \/ Torre Sur \/ Cath\u00e9drale \/ Rentr\u00e9e): <\/strong>17:00 \u00b7 17:40 \u00b7 19:40 \u00b7 \u2014 \u00b7 22:55<\/li>\n<li><strong>Conseil pour la voir: <\/strong>Pour \u00e9viter le \u00ab bouchon \u00bb de l\u2019axe Larios\u2013Constituci\u00f3n, le <strong>retour par Carreter\u00eda \/ Tribuna de los Pobres<\/strong> offre g\u00e9n\u00e9ralement une vue proche et une ambiance de rue (et la Cadena SER recommandait m\u00eame le passage de <em>La Cena<\/em> par <strong>Casapalma<\/strong> comme point int\u00e9ressant). <span class=\"\" data-state=\"closed\"><\/span><\/li>\n<\/ul>\n<h4><strong>Vi\u00f1eros <\/strong><\/h4>\n<p>Confr\u00e9rie tr\u00e8s typique de M\u00e1laga, avec une identit\u00e9 propre. Ce n\u2019est pas seulement une procession : c\u2019est un symbole culturel de la ville. Son esth\u00e9tique est tr\u00e8s reconnaissable et elle offre souvent de tr\u00e8s beaux moments dans le centre.<\/p>\n<ul>\n<li><strong>Horaires (D\u00e9part \/ Tribune \/ Torre Sur \/ Cath\u00e9drale \/ Rentr\u00e9e): <\/strong>17:15 \u00b7 18:35 \u00b7 20:35 \u00b7 20:45 \u00b7 22:50<\/li>\n<li><strong>Conseil pour la voir: <\/strong>Pour la voir sans stress et avec une ambiance \u00ab de rue \u00bb, <strong>Carreter\u00eda \/ Tribuna de los Pobres<\/strong> est g\u00e9n\u00e9ralement le point le plus pratique<\/li>\n<\/ul>\n<h4><strong>Santa Cruz<\/strong><\/h4>\n<p>Fraternit\u00e9 au fort caract\u00e8re d\u00e9votionnel, qui laisse souvent des images tr\u00e8s \u00e9l\u00e9gantes dans le centre. Ce n\u2019est pas toujours la plus m\u00e9diatique, mais c\u2019est l\u2019une de celles qui gagnent beaucoup quand on la voit sans se presser<\/p>\n<ul>\n<li><strong>Horaires (D\u00e9part \/ Tribune \/ Torre Sur \/ Cath\u00e9drale \/ Rentr\u00e9e): <\/strong>17:35 \u00b7 19:25 \u00b7 21:25 \u00b7 21:35 \u00b7 23:45<\/li>\n<li><strong>Conseil pour la voir: <\/strong>Un tron\u00e7on tr\u00e8s agr\u00e9able pour la voir sans trop d\u2019embouteillage est Nosquera \u2192 Muro de las Catalinas (rues plus vivantes et il est g\u00e9n\u00e9ralement plus facile de bouger apr\u00e8s).<\/li>\n<\/ul>\n<h4><strong>Vera Cruz<\/strong><\/h4>\n<p>Confr\u00e9rie du <strong>Centre (San Juan)<\/strong> avec un parcours tr\u00e8s complet : centre historique, parcours officiel et retour par des zones au go\u00fbt confraternel (Nosquera\/Muro de las Catalinas).<\/p>\n<ul>\n<li><strong>Horaires (D\u00e9part \/ Tribune \/ Torre Sur \/ Cath\u00e9drale \/ Rentr\u00e9e): <\/strong>19:00 \u00b7 19:55 \u00b7 21:55 \u00b7 22:05 \u00b7 01:15<\/li>\n<li><strong>Conseil pour la voir: <\/strong>La <strong>sortie \u00e0 San Juan<\/strong> a un caract\u00e8re tr\u00e8s sp\u00e9cial (et c\u2019est l\u2019une des sorties \u00ab recommand\u00e9es \u00bb \u00e0 la radio locale) ; si tu arrives tard, le combo <strong>Nosquera \/ Muro de las Catalinas<\/strong> est g\u00e9n\u00e9ralement plus respirable que Larios. <span class=\"\" data-state=\"closed\"><\/span><\/li>\n<\/ul>\n<h4><strong>Mena <\/strong><\/h4>\n<p>La plus c\u00e9l\u00e8bre internationalement gr\u00e2ce \u00e0 La L\u00e9gion. Son d\u00e9barquement et son transfert sont l\u2019un des \u00e9v\u00e9nements les plus uniques de toute la Semaine Sainte espagnole. La procession a une aura tr\u00e8s particuli\u00e8re : m\u00e9lange de ferveur, de spectacle militaire et de tradition.<\/p>\n<ul>\n<li><strong>Horaires (D\u00e9part \/ Tribune \/ Torre Sur \/ Cath\u00e9drale \/ Rentr\u00e9e): <\/strong>18:55 \u00b7 20:20 \u00b7 22:25 \u00b7 \u2014 \u00b7 02:10<\/li>\n<li><strong>Conseil pour la voir: <\/strong>Deux points \u00ab classique-s\u00fbr \u00bb pour Mena : <strong>Plaza de Arriola<\/strong> (tr\u00e8s bonne ambiance et proximit\u00e9) et <strong>Puente de la Esperanza<\/strong> (les gens le recommandent beaucoup aussi pour voir le passage de La L\u00e9gion). <span class=\"\" data-state=\"closed\"><\/span><\/li>\n<\/ul>\n<h4><strong>Misericordia <\/strong><\/h4>\n<p>Tr\u00e8s aim\u00e9e et avec une grande force. C\u2019est l\u2019une de ces confr\u00e9ries qui \u00ab remplissent la rue \u00bb par leur pr\u00e9sence, leur musique et leur \u00e9motion. Le Jeudi Saint, elle se vit avec intensit\u00e9 car M\u00e1laga est d\u00e9j\u00e0 bond\u00e9e.<\/p>\n<ul>\n<li><strong>Horaires (D\u00e9part \/ Tribune \/ Torre Sur \/ Cath\u00e9drale \/ Rentr\u00e9e): <\/strong>19:50 \u00b7 22:25 \u00b7 00:35 \u00b7 \u2014 \u00b7 04:00<\/li>\n<li><strong>Conseil pour la voir: <\/strong>Si tu cherches \u00e0 la voir avec de l\u2019espace, le tron\u00e7on <strong>Puente de la Misericordia \u2192 Alameda de Col\u00f3n<\/strong> est g\u00e9n\u00e9ralement confortable ; si tu pr\u00e9f\u00e8res une \u00ab carte postale \u00bb, alors <strong>Strachan \/ retour vers Larios<\/strong> (mais l\u00e0, il devient plus compliqu\u00e9 de bouger).<\/li>\n<\/ul>\n<h4><strong>Esperanza <\/strong><\/h4>\n<p>Confr\u00e9rie tr\u00e8s populaire et avec des moments tr\u00e8s \u00e9mouvants. Elle a un public fid\u00e8le et g\u00e9n\u00e8re une ambiance de rue tr\u00e8s malagu\u00e8ne. Son esth\u00e9tique ressort et elle se savoure lorsque le cort\u00e8ge est bien ordonn\u00e9.<\/p>\n<ul>\n<li><strong>Horaires (D\u00e9part \/ Tribune \/ Torre Sur \/ Cath\u00e9drale \/ Rentr\u00e9e): <\/strong>21:45 \u00b7 23:10 \u00b7 01:25 \u00b7 \u2014 \u00b7 03:45<\/li>\n<li><strong>Conseil pour la voir: <\/strong>Beaucoup d\u2019amateurs indiquent deux \u00ab grands moments \u00bb : <strong>Plaza de la Constituci\u00f3n<\/strong> (pour l\u2019espace) et le <strong>retour par Tribuna de los Pobres<\/strong> pour la voir de plus pr\u00e8s avec cette ambiance de madrugada. <span class=\"\" data-state=\"closed\"><\/span><\/li>\n<\/ul>\n<h4><strong>Zamarrilla <\/strong><\/h4>\n<p>L\u2019une de celles qui \u00ab enflamment \u00bb le plus la nuit : tr\u00e8s attendue, tr\u00e8s suivie et avec des moments dont les gens se souviennent le lendemain (ambiance intense lorsqu\u2019elle entre dans le centre).<\/p>\n<ul>\n<li><strong>Horaires (D\u00e9part \/ Tribune \/ Torre Sur \/ Rentr\u00e9e): <\/strong>19:30 \u00b7 21:35 \u00b7 23:40 \u00b7 \u2014 \u00b7 04:15<\/li>\n<li class=\"not-prose mt-0! mb-0! flex-auto truncate\"><strong>Conseil pour la voir: <\/strong>Si tu veux la voir avec le \u00ab boost \u00bb d\u2019ambiance mais sans l\u2019entonnoir de Larios, <strong>Carreter\u00eda \/ Tribuna de los Pobres<\/strong> est le point le plus pratique.<\/li>\n<\/ul>\n<p><img loading=\"lazy\" decoding=\"async\" class=\"alignnone wp-image-23273 size-full\" src=\"https:\/\/www.vibeshoteles.com\/wp-content\/uploads\/2026\/02\/jueves-santo-malaga-2026-e1771241478206.jpg\" alt=\"jueves santo M\u00e1laga 2026\" width=\"970\" height=\"630\" \/><\/p>\n<h3><span class=\"ez-toc-section\" id=\"vendredi-saint-3-avril\"><\/span><strong>Vendredi Saint (3 avril)<\/strong><span class=\"ez-toc-section-end\"><\/span><\/h3>\n<p>Le Vendredi Saint change de ton : c\u2019est le jour le plus <strong>s\u00e9rieux et \u00e9mouvant<\/strong>, avec une ambiance plus recueillie, davantage de silences et des images tr\u00e8s puissantes. Id\u00e9al si tu recherches une exp\u00e9rience plus contemplative, \u00ab \u00e0 fleur de peau \u00bb, et si tu veux voir des processions au caract\u00e8re plus solennel.<\/p>\n<h4><strong>Monte Calvario<\/strong><\/h4>\n<p>Confr\u00e9rie tr\u00e8s sp\u00e9ciale pour sa \u00ab mont\u00e9e\/descente \u00bb depuis la Victoria et pour l\u2019ambiance solennelle du Monte Calvario. Beaucoup de gens la recherchent pour son caract\u00e8re recueilli et pour le c\u00f4t\u00e9 spectaculaire lorsqu\u2019elle entre dans le centre historique. <span class=\"\" data-state=\"closed\"><\/span><\/p>\n<ul>\n<li><strong>Horaires (D\u00e9part \/ Tribune \/ Torre Sur \/ Cath\u00e9drale \/ Rentr\u00e9e): <\/strong>16:00 \u00b7 18:40 \u00b7 20:45 \u00b7 20:50 \u00b7 00:00<\/li>\n<li><strong>Conseil pour la voir:<\/strong> L\u2019environnement de <strong>C\u00edster \/ Plaza de la Aduana<\/strong> (lorsqu\u2019elle descend vers la Cath\u00e9drale puis revient) est l\u2019un des tron\u00e7ons les plus \u00ab cin\u00e9matographiques \u00bb : pierre, r\u00e9verb\u00e8res et silence tr\u00e8s typique du Vendredi Saint. C\u2019est un conseil souvent r\u00e9p\u00e9t\u00e9 dans les guides confraternels locaux pour ce jour. <span class=\"\" data-state=\"closed\"><\/span><\/li>\n<\/ul>\n<h4><strong>Descendimiento<\/strong><\/h4>\n<p>Procession avec beaucoup d\u2019attrait gr\u00e2ce \u00e0 sa <strong>sortie \u00e0 la Malagueta<\/strong> et au contraste \u00ab mer et ville \u00bb : Paseo de Reding, Aduana et Cath\u00e9drale. La confr\u00e9rie elle-m\u00eame promeut depuis longtemps son \u00ab Camino al Viernes Santo \u00bb, tr\u00e8s suivi par les d\u00e9vots. <span class=\"\" data-state=\"closed\"><\/span><\/p>\n<ul>\n<li><strong>Horaires (D\u00e9part \/ Tribune \/ Torre Sur \/ Cath\u00e9drale \/ Rentr\u00e9e): <\/strong>16:30 \u00b7 19:20 \u00b7 21:25 \u00b7 21:35 \u00b7 00:15<\/li>\n<li><strong>Conseil pour la voir: <\/strong>La zone <strong>Plaza de la Aduana \/ C\u00edster<\/strong> est souvent recommand\u00e9e car le cort\u00e8ge s\u2019y \u00ab recueille \u00bb visuellement et on le vit de tr\u00e8s pr\u00e8s.<\/li>\n<\/ul>\n<h4><strong>Amor y Caridad<\/strong><\/h4>\n<p>Confr\u00e9rie tr\u00e8s \u00ab de la Victoria \u00bb avec un parcours tr\u00e8s long et tr\u00e8s agr\u00e9able pour le spectateur : elle passe par <strong>Alcazabilla\/Aduana<\/strong>, entre dans le centre et revient par des rues \u00e9troites o\u00f9 l\u2019ambiance est tr\u00e8s intense. <span class=\"\" data-state=\"closed\"><\/span><\/p>\n<ul>\n<li><strong>Horaires (D\u00e9part \/ Tribune \/ Torre Sur \/ Cath\u00e9drale \/ Rentr\u00e9e): <\/strong>16:50 \u00b7 20:00 \u00b7 22:05 \u00b7 \u2014 \u00b7 02:00<\/li>\n<li><strong>Conseil pour la voir: <\/strong>Si tu veux un tron\u00e7on <strong>top sans stress<\/strong>, va \u00e0 <strong>Alcazabilla \/ Plaza de la Aduana<\/strong> : c\u2019est l\u2019un des points les plus recherch\u00e9s du jour pour cette confr\u00e9rie gr\u00e2ce au cadre monumental. <span class=\"\" data-state=\"closed\"><\/span><\/li>\n<\/ul>\n<h4><strong>Dolores de San Juan<\/strong><\/h4>\n<p>L\u2019option parfaite si ton plan est un \u00ab Vendredi Saint dans le centre \u00bb : confr\u00e9rie tr\u00e8s classique, tr\u00e8s de rue historique et avec une ambiance solennelle qui correspond parfaitement \u00e0 la nuit.<\/p>\n<ul>\n<li class=\"not-prose mt-0! mb-0! flex-auto truncate\"><strong>Horaires (D\u00e9part \/ Tribune \/ Torre Sur \/ Cath\u00e9drale \/ Rentr\u00e9e): <\/strong>19:05 \u00b7 20:50 \u00b7 22:55 \u00b7 23:05 \u00b7 00:35<\/li>\n<li><strong>Conseil pour la voir: <\/strong>Pour un moment \u00ab parfait \u00bb, note <strong>C\u00edster<\/strong> au retour.<\/li>\n<\/ul>\n<h4><strong>Santo Traslado<\/strong><\/h4>\n<p>L\u2019une des options les plus \u00ab de quartier \u00bb avant d\u2019entrer dans le centre : sa sortie et ses premiers instants par Trinidad\/Aurora ont g\u00e9n\u00e9ralement une ambiance tr\u00e8s confraternelle et moins touristique, puis elle permet de l\u2019encha\u00eener \u00e0 Pasillo Santa Isabel. <span class=\"\" data-state=\"closed\"><\/span><\/p>\n<ul>\n<li><strong>Horaires (D\u00e9part \/ Tribune \/ Torre Sur \/ Cath\u00e9drale \/ Rentr\u00e9e): <\/strong>19:30 \u00b7 21:30 \u00b7 23:35 \u00b7 \u2014 \u00b7 02:45<\/li>\n<li><strong>Conseil pour la voir: <\/strong>Un point tr\u00e8s recommand\u00e9 pour la vivre \u00ab au pied du tr\u00f4ne \u00bb est <strong>Tribuna de los Pobres \/ Carreter\u00eda<\/strong>, car l\u00e0 le passage est plus proche et l\u2019ambiance est tr\u00e8s malagu\u00e8ne. <span class=\"\" data-state=\"closed\"><\/span><\/li>\n<\/ul>\n<h4><strong>Piedad<\/strong><\/h4>\n<p>Confr\u00e9rie avec un ton tr\u00e8s solennel et un parcours qui combine <strong>Capuchinos\u2013Carreter\u00eda<\/strong> avec le passage par le centre et le retour par des rues pleines de personnalit\u00e9 (\u00c1lamos, Dos Aceras, Monta\u00f1o). <span class=\"\" data-state=\"closed\"><\/span><\/p>\n<ul>\n<li class=\"not-prose mt-0! mb-0! flex-auto truncate\"><strong>Horaires (D\u00e9part \/ Tribune \/ Torre Sur \/ Rentr\u00e9e): <\/strong>19:30 \u00b7 22:15 \u00b7 00:20 \u00b7 \u2014 \u00b7 02:00<\/li>\n<li><strong>Conseil pour la voir: <\/strong>Si tu cherches un tron\u00e7on avec \u00ab air de quartier \u00bb et bonne visibilit\u00e9, <strong>Oller\u00edas \/ Cruz del Molinillo<\/strong> (avant d\u2019entrer dans Carreter\u00eda) est g\u00e9n\u00e9ralement un choix s\u00fbr pour en profiter sans le stress du centre.<\/li>\n<\/ul>\n<h4><strong>Santo Sepulcro<\/strong><\/h4>\n<p>Le <strong>grand cort\u00e8ge du Saint S\u00e9pulcre<\/strong> : tr\u00e8s c\u00e9r\u00e9moniel, tr\u00e8s s\u00e9rieux et avec cette sensation de \u00ab ville en silence \u00bb qui d\u00e9finit le Vendredi Saint. C\u2019est l\u2019une des processions que l\u2019on appr\u00e9cie le plus si l\u2019on choisit un point avec respect et peu de foule<\/p>\n<ul>\n<li><strong>Horaires (D\u00e9part \/ Tribune \/ Torre Sur \/ Cath\u00e9drale \/ Rentr\u00e9e): <\/strong>19:20 \u00b7 22:40 \u00b7 00:45 \u00b7 \u2014 \u00b7 02:15<\/li>\n<li><strong>Conseil pour la voir: <\/strong>Choisis <strong>Alcazabilla \/ Plaza de la Aduana<\/strong> : c\u2019est le point o\u00f9 le ton de cette confr\u00e9rie s\u2019accorde le mieux (et on y vit g\u00e9n\u00e9ralement le moment avec \u00e9norm\u00e9ment de respect).<\/li>\n<\/ul>\n<h4><strong>Servitas<\/strong><\/h4>\n<p>Le dernier grand rendez-vous de la madrugada ; Servitas se vit avec une <strong>atmosph\u00e8re intime et nocturne<\/strong> qui captive m\u00eame ceux qui ne sont pas tr\u00e8s confr\u00e8res. Le centre \u00e0 cette heure-l\u00e0 change compl\u00e8tement. <span class=\"\" data-state=\"closed\"><\/span><\/p>\n<ul>\n<li><strong>Horaires (D\u00e9part \/ Tribune \/ Torre Sur \/ Cath\u00e9drale \/ Rentr\u00e9e): <\/strong>22:15 \u00b7 23:40 \u00b7 02:00 \u00b7 \u2014 \u00b7 03:30<\/li>\n<\/ul>\n<p><strong>Conseil pour la voir: <\/strong>Pour la vivre comme il se doit, cherche <strong>Comedias \/ Nosquera<\/strong> : rues \u00e9troites, nuit profonde et ce \u00ab vrai silence \u00bb que les gens viennent chercher avec Servitas.<\/p>\n<p><img loading=\"lazy\" decoding=\"async\" class=\"alignnone wp-image-23276 size-full\" src=\"https:\/\/www.vibeshoteles.com\/wp-content\/uploads\/2026\/02\/viernes-santo-malaga-2026-e1771241644311.jpg\" alt=\"viernes santo M\u00e1laga 2026\" width=\"970\" height=\"584\" \/><\/p>\n<h3><span class=\"ez-toc-section\" id=\"dimanche-de-resurrection\"><\/span><strong>Dimanche de R\u00e9surrection<\/strong><span class=\"ez-toc-section-end\"><\/span><\/h3>\n<p>Le <strong>Resucitado<\/strong> est le final lumineux de la Semaine Sainte de M\u00e1laga : le ton change totalement par rapport aux jours pr\u00e9c\u00e9dents. C\u2019est une procession <strong>plus diurne, joyeuse et familiale<\/strong>, id\u00e9ale pour y aller tranquillement, profiter sans trop de foule et dire au revoir avec une ambiance plus \u00ab festive \u00bb et de c\u00e9l\u00e9bration.<\/p>\n<ul>\n<li><strong>Horaires (D\u00e9part \/ Tribune \/ Torre Sur \/ Cath\u00e9drale \/ Rentr\u00e9e): <\/strong>10:00 \u00b7 11:05 \u00b7 13:00 \u00b7 \u2014 \u00b7 15:15<\/li>\n<li><strong>Conseil pour la voir: <\/strong>Si tu veux la voir avec une bonne ambiance mais <strong>sans stress<\/strong>, choisis <strong>Carreter\u00eda \/ \u00c1lamos<\/strong> (on la voit d\u2019assez pr\u00e8s et il est facile de bouger). Si tu pr\u00e9f\u00e8res une image \u00ab parfaite \u00bb et monumentale pour cl\u00f4turer la semaine, l\u2019environnement de <strong>Molina Lario \/ Torre Sur (Cath\u00e9drale)<\/strong> est g\u00e9n\u00e9ralement le plus beau point pour dire adieu \u00e0 la Semaine Sainte.<\/li>\n<\/ul>\n<h2><span class=\"ez-toc-section\" id=\"tableau-des-jours-et-confreries-de-la-semaine-sainte-de-malaga-2026\"><\/span>Tableau des jours et confr\u00e9ries de la Semaine Sainte de M\u00e1laga 2026<span class=\"ez-toc-section-end\"><\/span><\/h2>\n<table>\n<thead>\n<tr>\n<th><strong>Dimanche des Rameaux (29 mar)<\/strong><\/th>\n<th><strong>Lundi Saint (30 mar)<\/strong><\/th>\n<th><strong>Mardi Saint (31 mar)<\/strong><\/th>\n<th><strong>Mercredi Saint (1 avr)<\/strong><\/th>\n<th><strong>Jeudi Saint (2 avr)<\/strong><\/th>\n<th><strong>Vendredi Saint (3 avr)<\/strong><\/th>\n<th><strong>Dimanche R\u00e9surrection (5 avr)<\/strong><\/th>\n<\/tr>\n<\/thead>\n<tbody>\n<tr>\n<td>Pollinica<\/td>\n<td>Pasi\u00f3n<\/td>\n<td>Roc\u00edo<\/td>\n<td>Fusionadas<\/td>\n<td>Sagrada Cena<\/td>\n<td>Monte Calvario<\/td>\n<td>Resucitado<\/td>\n<\/tr>\n<tr>\n<td>L\u00e1grimas y Favores<\/td>\n<td>Columna<\/td>\n<td>Penas<\/td>\n<td>Mediadora<\/td>\n<td>Vi\u00f1eros<\/td>\n<td>Descendimiento<\/td>\n<td>\u2014<\/td>\n<\/tr>\n<tr>\n<td>Dulce Nombre<\/td>\n<td>Cautivo<\/td>\n<td>Nueva Esperanza<\/td>\n<td>Salesianos<\/td>\n<td>Santa Cruz<\/td>\n<td>Amor y Caridad<\/td>\n<td>\u2014<\/td>\n<\/tr>\n<tr>\n<td>Salutaci\u00f3n<\/td>\n<td>Perd\u00f3n<\/td>\n<td>Humillaci\u00f3n y Estrella<\/td>\n<td>Sangre<\/td>\n<td>Vera Cruz<\/td>\n<td>Dolores de San Juan<\/td>\n<td>\u2014<\/td>\n<\/tr>\n<tr>\n<td>Humildad y Paciencia<\/td>\n<td>Crucifixi\u00f3n<\/td>\n<td>Rescate<\/td>\n<td>El Rico<\/td>\n<td>Mena<\/td>\n<td>Santo Traslado<\/td>\n<td>\u2014<\/td>\n<\/tr>\n<tr>\n<td>Humildad<\/td>\n<td>Estudiantes<\/td>\n<td>Sentencia<\/td>\n<td>La Paloma<\/td>\n<td>Misericordia<\/td>\n<td>Piedad<\/td>\n<td>\u2014<\/td>\n<\/tr>\n<tr>\n<td>Huerto<\/td>\n<td>\u2014<\/td>\n<td>\u2014<\/td>\n<td>Expiraci\u00f3n<\/td>\n<td>Esperanza<\/td>\n<td>Santo Sepulcro<\/td>\n<td>\u2014<\/td>\n<\/tr>\n<tr>\n<td>Salud<\/td>\n<td>\u2014<\/td>\n<td>\u2014<\/td>\n<td>\u2014<\/td>\n<td>Zamarrilla<\/td>\n<td>Servitas<\/td>\n<td>\u2014<\/td>\n<\/tr>\n<tr>\n<td>Prendimiento<\/td>\n<td>\u2014<\/td>\n<td>\u2014<\/td>\n<td>\u2014<\/td>\n<td>\u2014<\/td>\n<td>\u2014<\/td>\n<td>\u2014<\/td>\n<\/tr>\n<\/tbody>\n<\/table>\n<h2><span class=\"ez-toc-section\" id=\"conseils-pour-vivre-la-semaine-sainte-de-malaga\"><\/span>Conseils pour vivre la Semaine Sainte de M\u00e1laga<span class=\"ez-toc-section-end\"><\/span><\/h2>\n<p>La Semaine Sainte \u00e0 M\u00e1laga est magnifique, mais aussi intense : rues pleines, changements d\u2019horaires et moments o\u00f9 se d\u00e9placer dans le centre devient un petit d\u00e9fi. Avec un peu de planification (sans s\u2019obs\u00e9der), tu peux voir \u00e9norm\u00e9ment de choses, profiter de l\u2019ambiance et rentrer chez toi avec la sensation d\u2019avoir v\u00e9cu \u00ab la M\u00e1laga confraternelle \u00bb pour de vrai.<\/p>\n<ul>\n<li><strong>Choisis 1\u20132 confr\u00e9ries \u00ab incontournables \u00bb par jour<\/strong> et laisse le reste comme extra. Ainsi, tu ne cours pas et tu profites davantage.<\/li>\n<li><strong>Arrive avec de la marge<\/strong> : dans les points populaires, essaie d\u2019\u00eatre l\u00e0 <strong>30\u201345 minutes avant<\/strong> (plus si c\u2019est Jeudi ou Vendredi Saint).<\/li>\n<li><strong>Ne reste pas seulement sur Larios<\/strong> : si tu veux bien voir et avec moins de stress, cherche des tron\u00e7ons \u00ab de rue \u00bb et a\u00e9r\u00e9s (Alameda\/Marina) ou des rues avec ambiance confraternelle hors de l\u2019entonnoir.<\/li>\n<li><strong>Aie un \u00ab plan de sortie \u00bb<\/strong> : garde 2\u20133 points proches o\u00f9 te d\u00e9placer si ton emplacement se bloque (places, rues larges).<\/li>\n<li><strong>Chaussures confortables + couche l\u00e9g\u00e8re<\/strong> : tu marcheras beaucoup et la nuit il fait plus frais. De l\u2019eau toujours.<\/li>\n<li><strong>Avec des enfants<\/strong>, privil\u00e9gie les processions en d\u00e9but d\u2019apr\u00e8s-midi et les zones larges ; et apporte quelque chose \u00e0 grignoter.<\/li>\n<\/ul>\n<p>Si tu dois retenir une id\u00e9e, que ce soit celle-ci : <strong>moins courir et plus de moments<\/strong>. M\u00e1laga en Semaine Sainte ne se \u00ab coche \u00bb pas comme une liste ; elle se vit. Choisis bien tes incontournables, d\u00e9place-toi tranquillement et laisse de l\u2019espace pour que la ville te surprenne.<\/p>\n<h2><span class=\"ez-toc-section\" id=\"ou-voir-la-semaine-sainte-de-malaga-depuis-chez-soi\"><\/span><strong>O\u00f9 voir la Semaine Sainte de M\u00e1laga depuis chez soi ?<\/strong><span class=\"ez-toc-section-end\"><\/span><\/h2>\n<p>Si cette ann\u00e9e tu pr\u00e9f\u00e8res vivre la Semaine Sainte sans stress, depuis chez toi on en profite aussi \u00e9norm\u00e9ment : r\u00e9alisations avec plans rapproch\u00e9s, commentaires confraternels et l\u2019avantage de \u00ab passer \u00bb d\u2019une procession \u00e0 une autre sans quitter le canap\u00e9. Voici les options les plus pratiques pour la suivre en direct (et revoir les moments ensuite).<\/p>\n<ul>\n<li><strong>101TV M\u00e1laga (direct et streaming)<\/strong> : c\u2019est g\u00e9n\u00e9ralement l\u2019option la plus compl\u00e8te pour M\u00e1laga, avec de nombreuses heures d\u2019\u00e9mission en direct et acc\u00e8s depuis son site web. <span class=\"\" data-state=\"closed\"><\/span><\/li>\n<li><strong>Canal Sur (TV en direct + CanalSur M\u00e1s)<\/strong> : couverture importante de la Semaine Sainte en Andalousie et signal en direct \u00e0 la fois sur le web et sur sa plateforme. <span class=\"\" data-state=\"closed\"><\/span><\/li>\n<li><strong>YouTube (directs et \u00ab \u00e0 la demande \u00bb)<\/strong>:\n<ul>\n<li>Cha\u00eene officielle de l\u2019<strong>Agrupaci\u00f3n de Cofrad\u00edas de M\u00e1laga<\/strong> (pour des directs ponctuels et du contenu institutionnel). <span class=\"\" data-state=\"closed\"><\/span><\/li>\n<li>Cha\u00eenes locales qui diffusent g\u00e9n\u00e9ralement des tron\u00e7ons complets (par exemple <strong>101TV<\/strong> sur YouTube, et d\u2019autres t\u00e9l\u00e9visions locales). <span class=\"\" data-state=\"closed\"><\/span><\/li>\n<\/ul>\n<\/li>\n<li><strong>Extra utile<\/strong> : si tu ne veux pas d\u00e9pendre d\u2019une diffusion locale, <strong>RTVE Play<\/strong> te permet de voir la TV en direct et des programmes sp\u00e9ciaux lorsqu\u2019il y en a. <span class=\"\" data-state=\"closed\"><\/span><\/li>\n<\/ul>\n<p>Une astuce tr\u00e8s simple consiste \u00e0 mettre <strong>une retransmission principale<\/strong> (par exemple 101TV ou Canal Sur) et \u00e0 utiliser <strong>YouTube<\/strong> comme \u00ab deuxi\u00e8me cha\u00eene \u00bb pour chercher pr\u00e9cis\u00e9ment la confr\u00e9rie qui t\u2019int\u00e9resse \u00e0 ce moment-l\u00e0 ; ainsi tu ne manques pas les instants cl\u00e9s et, si tu arrives en retard, beaucoup d\u2019\u00e9missions restent enregistr\u00e9es pour \u00eatre vues plus tard.<\/p>\n<p><img loading=\"lazy\" decoding=\"async\" class=\"alignnone wp-image-23279 size-full\" src=\"https:\/\/www.vibeshoteles.com\/wp-content\/uploads\/2026\/02\/semana-santa-2026-e1771241838512.jpg\" alt=\"semana santa 2026\" width=\"973\" height=\"628\" \/><\/p>\n<h2><span class=\"ez-toc-section\" id=\"quel-temps-fera-t-il-pendant-la-semaine-sainte-malaga-2026\"><\/span><strong>Quel temps fera-t-il pendant la Semaine Sainte M\u00e1laga 2026 ?<\/strong><span class=\"ez-toc-section-end\"><\/span><\/h2>\n<p>\u00c0 ce jour, on ne peut pas conna\u00eetre le temps exact qu\u2019il fera pendant la Semaine Sainte de M\u00e1laga 2026 (du 29 mars au 5 avril), car les pr\u00e9visions fiables n\u2019arrivent, au mieux, que 7 \u00e0 10 jours \u00e0 l\u2019avance. Ce que l\u2019on peut dire, c\u2019est le temps habituel \u00e0 ces dates selon la climatologie : g\u00e9n\u00e9ralement un printemps doux, avec des maximales autour de 18\u201322 \u00baC et des minimales de 11\u201313 \u00baC, et m\u00eame s\u2019il y a souvent de nombreux moments ensoleill\u00e9s, quelques jours de pluie peuvent encore appara\u00eetre (mars et d\u00e9but avril restent des p\u00e9riodes avec des \u00e9pisodes humides). <span class=\"\" data-state=\"closed\"><\/span><\/p>\n<p>Si tu pr\u00e9pares ta valise \u00ab en toute s\u00e9curit\u00e9 \u00bb : prends une couche l\u00e9g\u00e8re ou une veste, quelque chose de plus chaud pour la nuit, et un imperm\u00e9able pliable au cas o\u00f9 une averse ponctuelle tomberait. Pour la pr\u00e9vision r\u00e9elle, le mieux est de consulter l\u2019AEMET la semaine pr\u00e9c\u00e9dente.<\/p>\n<p>La <strong>Tribuna de los Pobres (Carreter\u00eda)<\/strong> est l\u2019un des points les plus recherch\u00e9s pour voir la Semaine Sainte de M\u00e1laga sans chaises officielles et avec une ambiance 100 % de rue. Selon les <strong>itin\u00e9raires officiels de 2025<\/strong> (qui changent g\u00e9n\u00e9ralement peu d\u2019une ann\u00e9e \u00e0 l\u2019autre), voici les confr\u00e9ries qui sont pass\u00e9es par cet endroit et qui, probablement, le feront de nouveau en 2026 s\u2019il n\u2019y a pas de modifications.<\/p>\n<h2><span class=\"ez-toc-section\" id=\"confreries-qui-passent-par-la-tribuna-de-los-pobres\"><\/span><strong>Confr\u00e9ries qui passent par la Tribuna de los Pobres<\/strong><span class=\"ez-toc-section-end\"><\/span><\/h2>\n<p>La <strong>Tribuna de los Pobres (Carreter\u00eda)<\/strong> est l\u2019un des points les plus recherch\u00e9s pour voir la Semaine Sainte de M\u00e1laga sans chaises officielles et avec une ambiance 100 % de rue.<\/p>\n<ul>\n<li>Dimanche des Rameaux : <strong>Salutaci\u00f3n<\/strong> et <strong>Prendimiento<\/strong><\/li>\n<li>Lundi Saint : <strong>Columna<\/strong> et <strong>Estudiantes<\/strong><\/li>\n<li>Mardi Saint : <strong>Roc\u00edo<\/strong>, <strong>Nueva Esperanza<\/strong>, <strong>Rescate<\/strong>, <strong>Sentencia<\/strong><\/li>\n<li>Mercredi Saint : <strong>Salesianos<\/strong>, <strong>Sangre<\/strong>, <strong>Paloma<\/strong><\/li>\n<li>Jeudi Saint : <strong>Sagrada Cena<\/strong>, <strong>Vi\u00f1eros<\/strong>, <strong>Mena<\/strong>, <strong>Zamarrilla<\/strong>, <strong>Esperanza<\/strong><\/li>\n<li>Vendredi Saint : <strong>Piedad<\/strong>, <strong>Santo Traslado<\/strong>, <strong>Servitas<\/strong><\/li>\n<\/ul>\n<p>La Tribuna de los Pobres permet de voir les tr\u00f4nes <strong>de tr\u00e8s pr\u00e8s<\/strong>, sans la rigidit\u00e9 du parcours officiel, et avec une ambiance beaucoup plus spontan\u00e9e et malagu\u00e8ne. De plus, c\u2019est un endroit strat\u00e9gique car de nombreuses confr\u00e9ries passent aussi bien \u00e0 l\u2019aller qu\u2019au retour, ce qui permet de bien organiser la journ\u00e9e et d\u2019encha\u00eener plusieurs processions.<\/p>\n<h2><span class=\"ez-toc-section\" id=\"conclusion\"><\/span><strong>Conclusion<\/strong><span class=\"ez-toc-section-end\"><\/span><\/h2>\n<p>Y hasta aqu\u00ed este itin\u00e9raire de <strong>Semaine Sainte \u00e0 M\u00e1laga 2026<\/strong>, une semaine intense et magnifique, o\u00f9 le mieux est de choisir 1\u20132 incontournables par jour, laisser une marge pour improviser et profiter de l\u2019ambiance sans se presser. Si tu organises ton voyage, il peut \u00eatre utile de chercher un <a href=\"https:\/\/www.vibeshoteles.com\/fr\/\"><strong>h\u00f4tel \u00e0 M\u00e1laga<\/strong><\/a> bien situ\u00e9, de r\u00e9server \u00e0 l\u2019avance un <strong>h\u00f4tel semaine sainte M\u00e1laga<\/strong>, de ne pas repartir sans go\u00fbter des <strong>torrijas \u00e0 M\u00e1laga<\/strong>, et d\u2019envisager un <strong>h\u00f4tel pr\u00e8s de l\u2019a\u00e9roport de M\u00e1laga<\/strong> si ton vol arrive tard ou part t\u00f4t.<\/p>\n","protected":false},"excerpt":{"rendered":"<p>Itin\u00e9raire Semaine Sainte M\u00e1laga 2026: horaires, parcours, confr\u00e9ries et les meilleurs endroits pour la voir. Guide complet pour la vivre.<\/p>\n","protected":false},"author":1,"featured_media":23285,"comment_status":"closed","ping_status":"closed","sticky":false,"template":"","format":"standard","meta":{"_acf_changed":false,"inline_featured_image":false,"footnotes":""},"categories":[29],"tags":[],"class_list":["post-23456","post","type-post","status-publish","format-standard","has-post-thumbnail","hentry","category-loisirs-malaga"],"acf":[],"yoast_head":"<!-- This site is optimized with the Yoast SEO plugin v27.5 - https:\/\/yoast.com\/product\/yoast-seo-wordpress\/ -->\n<title>Itin\u00e9raire Semaine Sainte M\u00e1laga 2026 | Horaires et Conseils<\/title>\n<meta name=\"description\" content=\"Itin\u00e9raire Semaine Sainte M\u00e1laga 2026: horaires, parcours, confr\u00e9ries et les meilleurs endroits pour la voir. Guide complet pour la vivre.\" \/>\n<meta name=\"robots\" content=\"index, follow, max-snippet:-1, max-image-preview:large, max-video-preview:-1\" \/>\n<link rel=\"canonical\" href=\"https:\/\/www.vibeshoteles.com\/fr\/blog\/itineraire-semaine-sainte-malaga-2026\/\" \/>\n<meta property=\"og:locale\" content=\"fr_FR\" \/>\n<meta property=\"og:type\" content=\"article\" \/>\n<meta property=\"og:title\" content=\"Itin\u00e9raire Semaine Sainte M\u00e1laga 2026 | Horaires et Conseils\" \/>\n<meta property=\"og:description\" content=\"Itin\u00e9raire Semaine Sainte M\u00e1laga 2026: horaires, parcours, confr\u00e9ries et les meilleurs endroits pour la voir. Guide complet pour la vivre.\" \/>\n<meta property=\"og:url\" content=\"https:\/\/www.vibeshoteles.com\/fr\/blog\/itineraire-semaine-sainte-malaga-2026\/\" \/>\n<meta property=\"og:site_name\" content=\"Vibes Hoteles\" \/>\n<meta property=\"article:published_time\" content=\"2026-02-16T11:50:34+00:00\" \/>\n<meta property=\"article:modified_time\" content=\"2026-02-20T11:33:25+00:00\" \/>\n<meta property=\"og:image\" content=\"https:\/\/www.vibeshoteles.com\/wp-content\/uploads\/2026\/02\/itinerario-semana-santa-malaga-2026.jpg\" \/>\n\t<meta property=\"og:image:width\" content=\"1024\" \/>\n\t<meta property=\"og:image:height\" content=\"640\" \/>\n\t<meta property=\"og:image:type\" content=\"image\/jpeg\" \/>\n<meta name=\"author\" content=\"admin_solbyte\" \/>\n<meta name=\"twitter:card\" content=\"summary_large_image\" \/>\n<meta name=\"twitter:label1\" content=\"\u00c9crit par\" \/>\n\t<meta name=\"twitter:data1\" content=\"admin_solbyte\" \/>\n\t<meta name=\"twitter:label2\" content=\"Dur\u00e9e de lecture estim\u00e9e\" \/>\n\t<meta name=\"twitter:data2\" content=\"30 minutes\" \/>\n<script type=\"application\/ld+json\" class=\"yoast-schema-graph\">{\"@context\":\"https:\\\/\\\/schema.org\",\"@graph\":[{\"@type\":\"Article\",\"@id\":\"https:\\\/\\\/www.vibeshoteles.com\\\/fr\\\/blog\\\/itineraire-semaine-sainte-malaga-2026\\\/#article\",\"isPartOf\":{\"@id\":\"https:\\\/\\\/www.vibeshoteles.com\\\/fr\\\/blog\\\/itineraire-semaine-sainte-malaga-2026\\\/\"},\"author\":{\"name\":\"admin_solbyte\",\"@id\":\"https:\\\/\\\/www.vibeshoteles.com\\\/fr\\\/#\\\/schema\\\/person\\\/b088e98ec16e7b8567544de9564df77a\"},\"headline\":\"Itin\u00e9raire Semaine Sainte M\u00e1laga 2026\",\"datePublished\":\"2026-02-16T11:50:34+00:00\",\"dateModified\":\"2026-02-20T11:33:25+00:00\",\"mainEntityOfPage\":{\"@id\":\"https:\\\/\\\/www.vibeshoteles.com\\\/fr\\\/blog\\\/itineraire-semaine-sainte-malaga-2026\\\/\"},\"wordCount\":6456,\"publisher\":{\"@id\":\"https:\\\/\\\/www.vibeshoteles.com\\\/fr\\\/#organization\"},\"image\":{\"@id\":\"https:\\\/\\\/www.vibeshoteles.com\\\/fr\\\/blog\\\/itineraire-semaine-sainte-malaga-2026\\\/#primaryimage\"},\"thumbnailUrl\":\"https:\\\/\\\/www.vibeshoteles.com\\\/wp-content\\\/uploads\\\/2026\\\/02\\\/itinerario-semana-santa-malaga-2026.jpg\",\"articleSection\":[\"Loisirs \u00e0 Malaga\"],\"inLanguage\":\"fr-FR\"},{\"@type\":\"WebPage\",\"@id\":\"https:\\\/\\\/www.vibeshoteles.com\\\/fr\\\/blog\\\/itineraire-semaine-sainte-malaga-2026\\\/\",\"url\":\"https:\\\/\\\/www.vibeshoteles.com\\\/fr\\\/blog\\\/itineraire-semaine-sainte-malaga-2026\\\/\",\"name\":\"Itin\u00e9raire Semaine Sainte M\u00e1laga 2026 | Horaires et Conseils\",\"isPartOf\":{\"@id\":\"https:\\\/\\\/www.vibeshoteles.com\\\/fr\\\/#website\"},\"primaryImageOfPage\":{\"@id\":\"https:\\\/\\\/www.vibeshoteles.com\\\/fr\\\/blog\\\/itineraire-semaine-sainte-malaga-2026\\\/#primaryimage\"},\"image\":{\"@id\":\"https:\\\/\\\/www.vibeshoteles.com\\\/fr\\\/blog\\\/itineraire-semaine-sainte-malaga-2026\\\/#primaryimage\"},\"thumbnailUrl\":\"https:\\\/\\\/www.vibeshoteles.com\\\/wp-content\\\/uploads\\\/2026\\\/02\\\/itinerario-semana-santa-malaga-2026.jpg\",\"datePublished\":\"2026-02-16T11:50:34+00:00\",\"dateModified\":\"2026-02-20T11:33:25+00:00\",\"description\":\"Itin\u00e9raire Semaine Sainte M\u00e1laga 2026: horaires, parcours, confr\u00e9ries et les meilleurs endroits pour la voir. Guide complet pour la vivre.\",\"breadcrumb\":{\"@id\":\"https:\\\/\\\/www.vibeshoteles.com\\\/fr\\\/blog\\\/itineraire-semaine-sainte-malaga-2026\\\/#breadcrumb\"},\"inLanguage\":\"fr-FR\",\"potentialAction\":[{\"@type\":\"ReadAction\",\"target\":[\"https:\\\/\\\/www.vibeshoteles.com\\\/fr\\\/blog\\\/itineraire-semaine-sainte-malaga-2026\\\/\"]}]},{\"@type\":\"ImageObject\",\"inLanguage\":\"fr-FR\",\"@id\":\"https:\\\/\\\/www.vibeshoteles.com\\\/fr\\\/blog\\\/itineraire-semaine-sainte-malaga-2026\\\/#primaryimage\",\"url\":\"https:\\\/\\\/www.vibeshoteles.com\\\/wp-content\\\/uploads\\\/2026\\\/02\\\/itinerario-semana-santa-malaga-2026.jpg\",\"contentUrl\":\"https:\\\/\\\/www.vibeshoteles.com\\\/wp-content\\\/uploads\\\/2026\\\/02\\\/itinerario-semana-santa-malaga-2026.jpg\",\"width\":1024,\"height\":640,\"caption\":\"itinerario semana santa M\u00e1laga 2026\"},{\"@type\":\"BreadcrumbList\",\"@id\":\"https:\\\/\\\/www.vibeshoteles.com\\\/fr\\\/blog\\\/itineraire-semaine-sainte-malaga-2026\\\/#breadcrumb\",\"itemListElement\":[{\"@type\":\"ListItem\",\"position\":1,\"name\":\"Portada\",\"item\":\"https:\\\/\\\/www.vibeshoteles.com\\\/fr\\\/\"},{\"@type\":\"ListItem\",\"position\":2,\"name\":\"Itin\u00e9raire Semaine Sainte M\u00e1laga 2026\"}]},{\"@type\":\"WebSite\",\"@id\":\"https:\\\/\\\/www.vibeshoteles.com\\\/fr\\\/#website\",\"url\":\"https:\\\/\\\/www.vibeshoteles.com\\\/fr\\\/\",\"name\":\"Vibes Hoteles\",\"description\":\"\",\"publisher\":{\"@id\":\"https:\\\/\\\/www.vibeshoteles.com\\\/fr\\\/#organization\"},\"potentialAction\":[{\"@type\":\"SearchAction\",\"target\":{\"@type\":\"EntryPoint\",\"urlTemplate\":\"https:\\\/\\\/www.vibeshoteles.com\\\/fr\\\/?s={search_term_string}\"},\"query-input\":{\"@type\":\"PropertyValueSpecification\",\"valueRequired\":true,\"valueName\":\"search_term_string\"}}],\"inLanguage\":\"fr-FR\"},{\"@type\":\"Organization\",\"@id\":\"https:\\\/\\\/www.vibeshoteles.com\\\/fr\\\/#organization\",\"name\":\"Vibes Hoteles\",\"url\":\"https:\\\/\\\/www.vibeshoteles.com\\\/fr\\\/\",\"logo\":{\"@type\":\"ImageObject\",\"inLanguage\":\"fr-FR\",\"@id\":\"https:\\\/\\\/www.vibeshoteles.com\\\/fr\\\/#\\\/schema\\\/logo\\\/image\\\/\",\"url\":\"https:\\\/\\\/www.vibeshoteles.com\\\/wp-content\\\/uploads\\\/2023\\\/12\\\/logo-bive-hoteles.png\",\"contentUrl\":\"https:\\\/\\\/www.vibeshoteles.com\\\/wp-content\\\/uploads\\\/2023\\\/12\\\/logo-bive-hoteles.png\",\"width\":696,\"height\":696,\"caption\":\"Vibes Hoteles\"},\"image\":{\"@id\":\"https:\\\/\\\/www.vibeshoteles.com\\\/fr\\\/#\\\/schema\\\/logo\\\/image\\\/\"}},{\"@type\":\"Person\",\"@id\":\"https:\\\/\\\/www.vibeshoteles.com\\\/fr\\\/#\\\/schema\\\/person\\\/b088e98ec16e7b8567544de9564df77a\",\"name\":\"admin_solbyte\",\"image\":{\"@type\":\"ImageObject\",\"inLanguage\":\"fr-FR\",\"@id\":\"https:\\\/\\\/secure.gravatar.com\\\/avatar\\\/edd888738bb98bddffbea2c50034264e135aaa1849baae74099aa811d4485252?s=96&d=mm&r=g\",\"url\":\"https:\\\/\\\/secure.gravatar.com\\\/avatar\\\/edd888738bb98bddffbea2c50034264e135aaa1849baae74099aa811d4485252?s=96&d=mm&r=g\",\"contentUrl\":\"https:\\\/\\\/secure.gravatar.com\\\/avatar\\\/edd888738bb98bddffbea2c50034264e135aaa1849baae74099aa811d4485252?s=96&d=mm&r=g\",\"caption\":\"admin_solbyte\"},\"sameAs\":[\"https:\\\/\\\/www.vibeshoteles.com\"],\"url\":\"https:\\\/\\\/www.vibeshoteles.com\\\/fr\\\/author\\\/admin_solbyte\\\/\"}]}<\/script>\n<!-- \/ Yoast SEO plugin. -->","yoast_head_json":{"title":"Itin\u00e9raire Semaine Sainte M\u00e1laga 2026 | Horaires et Conseils","description":"Itin\u00e9raire Semaine Sainte M\u00e1laga 2026: horaires, parcours, confr\u00e9ries et les meilleurs endroits pour la voir. Guide complet pour la vivre.","robots":{"index":"index","follow":"follow","max-snippet":"max-snippet:-1","max-image-preview":"max-image-preview:large","max-video-preview":"max-video-preview:-1"},"canonical":"https:\/\/www.vibeshoteles.com\/fr\/blog\/itineraire-semaine-sainte-malaga-2026\/","og_locale":"fr_FR","og_type":"article","og_title":"Itin\u00e9raire Semaine Sainte M\u00e1laga 2026 | Horaires et Conseils","og_description":"Itin\u00e9raire Semaine Sainte M\u00e1laga 2026: horaires, parcours, confr\u00e9ries et les meilleurs endroits pour la voir. Guide complet pour la vivre.","og_url":"https:\/\/www.vibeshoteles.com\/fr\/blog\/itineraire-semaine-sainte-malaga-2026\/","og_site_name":"Vibes Hoteles","article_published_time":"2026-02-16T11:50:34+00:00","article_modified_time":"2026-02-20T11:33:25+00:00","og_image":[{"width":1024,"height":640,"url":"https:\/\/www.vibeshoteles.com\/wp-content\/uploads\/2026\/02\/itinerario-semana-santa-malaga-2026.jpg","type":"image\/jpeg"}],"author":"admin_solbyte","twitter_card":"summary_large_image","twitter_misc":{"\u00c9crit par":"admin_solbyte","Dur\u00e9e de lecture estim\u00e9e":"30 minutes"},"schema":{"@context":"https:\/\/schema.org","@graph":[{"@type":"Article","@id":"https:\/\/www.vibeshoteles.com\/fr\/blog\/itineraire-semaine-sainte-malaga-2026\/#article","isPartOf":{"@id":"https:\/\/www.vibeshoteles.com\/fr\/blog\/itineraire-semaine-sainte-malaga-2026\/"},"author":{"name":"admin_solbyte","@id":"https:\/\/www.vibeshoteles.com\/fr\/#\/schema\/person\/b088e98ec16e7b8567544de9564df77a"},"headline":"Itin\u00e9raire Semaine Sainte M\u00e1laga 2026","datePublished":"2026-02-16T11:50:34+00:00","dateModified":"2026-02-20T11:33:25+00:00","mainEntityOfPage":{"@id":"https:\/\/www.vibeshoteles.com\/fr\/blog\/itineraire-semaine-sainte-malaga-2026\/"},"wordCount":6456,"publisher":{"@id":"https:\/\/www.vibeshoteles.com\/fr\/#organization"},"image":{"@id":"https:\/\/www.vibeshoteles.com\/fr\/blog\/itineraire-semaine-sainte-malaga-2026\/#primaryimage"},"thumbnailUrl":"https:\/\/www.vibeshoteles.com\/wp-content\/uploads\/2026\/02\/itinerario-semana-santa-malaga-2026.jpg","articleSection":["Loisirs \u00e0 Malaga"],"inLanguage":"fr-FR"},{"@type":"WebPage","@id":"https:\/\/www.vibeshoteles.com\/fr\/blog\/itineraire-semaine-sainte-malaga-2026\/","url":"https:\/\/www.vibeshoteles.com\/fr\/blog\/itineraire-semaine-sainte-malaga-2026\/","name":"Itin\u00e9raire Semaine Sainte M\u00e1laga 2026 | Horaires et Conseils","isPartOf":{"@id":"https:\/\/www.vibeshoteles.com\/fr\/#website"},"primaryImageOfPage":{"@id":"https:\/\/www.vibeshoteles.com\/fr\/blog\/itineraire-semaine-sainte-malaga-2026\/#primaryimage"},"image":{"@id":"https:\/\/www.vibeshoteles.com\/fr\/blog\/itineraire-semaine-sainte-malaga-2026\/#primaryimage"},"thumbnailUrl":"https:\/\/www.vibeshoteles.com\/wp-content\/uploads\/2026\/02\/itinerario-semana-santa-malaga-2026.jpg","datePublished":"2026-02-16T11:50:34+00:00","dateModified":"2026-02-20T11:33:25+00:00","description":"Itin\u00e9raire Semaine Sainte M\u00e1laga 2026: horaires, parcours, confr\u00e9ries et les meilleurs endroits pour la voir. Guide complet pour la vivre.","breadcrumb":{"@id":"https:\/\/www.vibeshoteles.com\/fr\/blog\/itineraire-semaine-sainte-malaga-2026\/#breadcrumb"},"inLanguage":"fr-FR","potentialAction":[{"@type":"ReadAction","target":["https:\/\/www.vibeshoteles.com\/fr\/blog\/itineraire-semaine-sainte-malaga-2026\/"]}]},{"@type":"ImageObject","inLanguage":"fr-FR","@id":"https:\/\/www.vibeshoteles.com\/fr\/blog\/itineraire-semaine-sainte-malaga-2026\/#primaryimage","url":"https:\/\/www.vibeshoteles.com\/wp-content\/uploads\/2026\/02\/itinerario-semana-santa-malaga-2026.jpg","contentUrl":"https:\/\/www.vibeshoteles.com\/wp-content\/uploads\/2026\/02\/itinerario-semana-santa-malaga-2026.jpg","width":1024,"height":640,"caption":"itinerario semana santa M\u00e1laga 2026"},{"@type":"BreadcrumbList","@id":"https:\/\/www.vibeshoteles.com\/fr\/blog\/itineraire-semaine-sainte-malaga-2026\/#breadcrumb","itemListElement":[{"@type":"ListItem","position":1,"name":"Portada","item":"https:\/\/www.vibeshoteles.com\/fr\/"},{"@type":"ListItem","position":2,"name":"Itin\u00e9raire Semaine Sainte M\u00e1laga 2026"}]},{"@type":"WebSite","@id":"https:\/\/www.vibeshoteles.com\/fr\/#website","url":"https:\/\/www.vibeshoteles.com\/fr\/","name":"Vibes Hoteles","description":"","publisher":{"@id":"https:\/\/www.vibeshoteles.com\/fr\/#organization"},"potentialAction":[{"@type":"SearchAction","target":{"@type":"EntryPoint","urlTemplate":"https:\/\/www.vibeshoteles.com\/fr\/?s={search_term_string}"},"query-input":{"@type":"PropertyValueSpecification","valueRequired":true,"valueName":"search_term_string"}}],"inLanguage":"fr-FR"},{"@type":"Organization","@id":"https:\/\/www.vibeshoteles.com\/fr\/#organization","name":"Vibes Hoteles","url":"https:\/\/www.vibeshoteles.com\/fr\/","logo":{"@type":"ImageObject","inLanguage":"fr-FR","@id":"https:\/\/www.vibeshoteles.com\/fr\/#\/schema\/logo\/image\/","url":"https:\/\/www.vibeshoteles.com\/wp-content\/uploads\/2023\/12\/logo-bive-hoteles.png","contentUrl":"https:\/\/www.vibeshoteles.com\/wp-content\/uploads\/2023\/12\/logo-bive-hoteles.png","width":696,"height":696,"caption":"Vibes Hoteles"},"image":{"@id":"https:\/\/www.vibeshoteles.com\/fr\/#\/schema\/logo\/image\/"}},{"@type":"Person","@id":"https:\/\/www.vibeshoteles.com\/fr\/#\/schema\/person\/b088e98ec16e7b8567544de9564df77a","name":"admin_solbyte","image":{"@type":"ImageObject","inLanguage":"fr-FR","@id":"https:\/\/secure.gravatar.com\/avatar\/edd888738bb98bddffbea2c50034264e135aaa1849baae74099aa811d4485252?s=96&d=mm&r=g","url":"https:\/\/secure.gravatar.com\/avatar\/edd888738bb98bddffbea2c50034264e135aaa1849baae74099aa811d4485252?s=96&d=mm&r=g","contentUrl":"https:\/\/secure.gravatar.com\/avatar\/edd888738bb98bddffbea2c50034264e135aaa1849baae74099aa811d4485252?s=96&d=mm&r=g","caption":"admin_solbyte"},"sameAs":["https:\/\/www.vibeshoteles.com"],"url":"https:\/\/www.vibeshoteles.com\/fr\/author\/admin_solbyte\/"}]}},"_links":{"self":[{"href":"https:\/\/www.vibeshoteles.com\/fr\/wp-json\/wp\/v2\/posts\/23456","targetHints":{"allow":["GET"]}}],"collection":[{"href":"https:\/\/www.vibeshoteles.com\/fr\/wp-json\/wp\/v2\/posts"}],"about":[{"href":"https:\/\/www.vibeshoteles.com\/fr\/wp-json\/wp\/v2\/types\/post"}],"author":[{"embeddable":true,"href":"https:\/\/www.vibeshoteles.com\/fr\/wp-json\/wp\/v2\/users\/1"}],"replies":[{"embeddable":true,"href":"https:\/\/www.vibeshoteles.com\/fr\/wp-json\/wp\/v2\/comments?post=23456"}],"version-history":[{"count":1,"href":"https:\/\/www.vibeshoteles.com\/fr\/wp-json\/wp\/v2\/posts\/23456\/revisions"}],"predecessor-version":[{"id":23458,"href":"https:\/\/www.vibeshoteles.com\/fr\/wp-json\/wp\/v2\/posts\/23456\/revisions\/23458"}],"wp:featuredmedia":[{"embeddable":true,"href":"https:\/\/www.vibeshoteles.com\/fr\/wp-json\/wp\/v2\/media\/23285"}],"wp:attachment":[{"href":"https:\/\/www.vibeshoteles.com\/fr\/wp-json\/wp\/v2\/media?parent=23456"}],"wp:term":[{"taxonomy":"category","embeddable":true,"href":"https:\/\/www.vibeshoteles.com\/fr\/wp-json\/wp\/v2\/categories?post=23456"},{"taxonomy":"post_tag","embeddable":true,"href":"https:\/\/www.vibeshoteles.com\/fr\/wp-json\/wp\/v2\/tags?post=23456"}],"curies":[{"name":"wp","href":"https:\/\/api.w.org\/{rel}","templated":true}]}}